{"id":6074,"date":"2026-08-20T16:49:24","date_gmt":"2026-08-20T16:49:24","guid":{"rendered":"https:\/\/www.ilgourmeterrante.it\/newsite\/?p=6074"},"modified":"2026-08-23T16:02:00","modified_gmt":"2026-08-23T16:02:00","slug":"il-mio-vinitaly-2026-dopo-circa-quattro-mesi-e-a-circa-otto-mesi-dal-prossimo-11-14-aprile-2027","status":"publish","type":"post","link":"https:\/\/www.ilgourmeterrante.it\/newsite\/il-mio-vinitaly-2026-dopo-circa-quattro-mesi-e-a-circa-otto-mesi-dal-prossimo-11-14-aprile-2027\/","title":{"rendered":"Il mio Vinitaly 2026, dopo circa quattro mesi e a circa otto mesi dal prossimo 11 \u2013 14 aprile 2027"},"content":{"rendered":"<div id='gallery-1' class='gallery galleryid-6074 gallery-columns-3 gallery-size-medium'><figure class='gallery-item'>\n\t\t\t<div class='gallery-icon landscape'>\n\t\t\t\t<a href='https:\/\/www.ilgourmeterrante.it\/newsite\/wp-content\/uploads\/2026\/08\/1-1.jpg'><img fetchpriority=\"high\" decoding=\"async\" width=\"300\" height=\"300\" src=\"https:\/\/www.ilgourmeterrante.it\/newsite\/wp-content\/uploads\/2026\/08\/1-1-300x300.jpg\" class=\"attachment-medium size-medium\" alt=\"\" srcset=\"https:\/\/www.ilgourmeterrante.it\/newsite\/wp-content\/uploads\/2026\/08\/1-1-300x300.jpg 300w, https:\/\/www.ilgourmeterrante.it\/newsite\/wp-content\/uploads\/2026\/08\/1-1-1024x1024.jpg 1024w, https:\/\/www.ilgourmeterrante.it\/newsite\/wp-content\/uploads\/2026\/08\/1-1-150x150.jpg 150w, https:\/\/www.ilgourmeterrante.it\/newsite\/wp-content\/uploads\/2026\/08\/1-1-768x768.jpg 768w, https:\/\/www.ilgourmeterrante.it\/newsite\/wp-content\/uploads\/2026\/08\/1-1.jpg 1440w\" sizes=\"(max-width: 300px) 100vw, 300px\" title=\"\" \/><\/a>\n\t\t\t<\/div><\/figure>\n\t\t<\/div>\n\n<p>Vinitaly Verona 2026<br \/>\n58 Edizione<br \/>\n12 &#8211; 15 Aprile 2026<br \/>\nVerona<br \/>\n<a href=\"http:\/\/www.vinitaly.com\/?fbclid=IwAR0_cLlOMGlvrPQSMIFGRLVyTq3HGHs_quWRAuCJ_UwBdqwStvH0ATXEn6Y%22%20%5Ct%20%22_blank\">www.vinitaly.com<\/a><br \/>\n<a href=\"http:\/\/www.veronafiere.it\/?fbclid=IwAR3pE3GkeVCHBiL1raUakqrlONH_2mby8Zg-5qmTnE_bnC2dPTex3Pa2F6M%22%20%5Ct%20%22_blank\">www.veronafiere.it<\/a><br \/>\n<a href=\"https:\/\/www.ilgourmeterrante.it\/?fbclid=IwAR3U2VPLPOrwgaXfiFtCIqLRe4VCaTaOB1x6BTecwnSBd8w6P160EaQ_WY0%22%20%5Ct%20%22_blank\">www.ilgourmeterrante.it<\/a><br \/>\n<a href=\"https:\/\/l.facebook.com\/l.php?u=http:\/\/www.vinointorno.it\/?fbclid=IwAR2By4DBdZ7-FsB7zyJD1Ry6YIP1IWNJ7nbfx4jdPPXgOJGKbY4vhkDR4UI&amp;h=AT2huujo1N_1tbe7MrW44g9m1K2YcTWEE_VdHEz88VMyoGX3KbPghK2ADgKEefmkovCKzlq33ROq5IjhrtUroOTTYU-s5OtwRqRsUnPcz2P_3LhwQizCFsZbQjjoCuK6C5s%22%20%5Ct%20%22_blank\">www.vinointorno.it<\/a><br \/>\n<a href=\"https:\/\/l.facebook.com\/l.php?u=http:\/\/www.codivin.com\/?fbclid=IwAR0bF-0vzxvIfWW69YkBtTRZ3qDXUHapFgE_v3pgATIpXsU48j4JyR6Uq0k&amp;h=AT3dbP8ly7y5LmM8N_S2RjHykbJaTENHiKAmlAS05235WBD_eqTfwOCfB6PJiMpYvgvqW0f8jaiciZq_12p5F-QCdtxM1l82-ua7mdsoGHVLNq-OtddF9ZOPg9hCNnp0b5U%22%20%5Ct%20%22_blank\">www.codivin.com<\/a><br \/>\n<a href=\"http:\/\/www.iziliquori.it\">www.iziliquori.it<\/a><\/p>\n<p>Dopo quattro mesi circa dal Vinitaly 2026 eccomi a pubblicare il mio scritto, ne mancano otto al prossimo \u2013 11-14 aprile 2027, questo mi fa pensare che il Vinitaly \u00e8 sempre di attualit\u00e0, sempre vivo. Io mi sto gi\u00e0 organizzando per il prossimo.<\/p>\n<p>Voglio parlare dell\u2019evento principalmente con <a href=\"https:\/\/www.facebook.com\/media\/set\/?set=a.10236931169490358&amp;type=3\">l\u2019album di facebook e le didascalie allegate alle 274 foto pi\u00f9 4 filmini<\/a>.<\/p>\n<p>La frase che ho ripetuto spesso quest\u2019anno \u00e8 stata: \u201cun Vinitaly che mi piace sempre tanto\u2026 al Vinitaly si possono fare tantissime cose\u2026 basta esserci.\u201d<\/p>\n<p>Un mio pensiero sempre pi\u00f9 frequente non solo per Il Vinitaly ma per gli eventi a cui partecipo \u00e8 sempre pi\u00f9 un salutare le aziende con cui ci sono amico, ma \u00e8 anche scoprire cantine nuove. Durante questi eventi non \u00e8 solo degustare vini o mangiare, \u00e8 incontrare i produttori, gli amici, salutarsi in un rito piacevolissimo, con alcuni scatta la foto, con altri si dimentica di farla, viene quasi la voglia di tornare indietro. Poi per\u00f2 il tempo vola e alla sera prendo le foto con le persone con cui l\u2019ho fatta. Sono persone che conosco da anni, altre un po\u2019 pi\u00f9 recenti, ma tutte hanno lasciato sempre emozioni, sorrisi, consapevolezza che il mondo del vino, del cibo \u00e8 fatto di tanta umanit\u00e0. \u00c8 cultura, \u00e8 turismo, \u00e8 il godere di cose buone, ottime, ottime assai.<br \/>\nLe composizione relative a ci\u00f2 sono dodici, inizio dalla prima <a href=\"https:\/\/www.facebook.com\/photo\/?fbid=10237186703118539&amp;set=a.10236931169490358\">foto n. 261<\/a>,<\/p>\n<div id='gallery-2' class='gallery galleryid-6074 gallery-columns-3 gallery-size-medium'><figure class='gallery-item'>\n\t\t\t<div class='gallery-icon landscape'>\n\t\t\t\t<a href='https:\/\/www.ilgourmeterrante.it\/newsite\/wp-content\/uploads\/2026\/08\/2-1.jpg'><img decoding=\"async\" width=\"300\" height=\"300\" src=\"https:\/\/www.ilgourmeterrante.it\/newsite\/wp-content\/uploads\/2026\/08\/2-1-300x300.jpg\" class=\"attachment-medium size-medium\" alt=\"\" srcset=\"https:\/\/www.ilgourmeterrante.it\/newsite\/wp-content\/uploads\/2026\/08\/2-1-300x300.jpg 300w, https:\/\/www.ilgourmeterrante.it\/newsite\/wp-content\/uploads\/2026\/08\/2-1-1024x1024.jpg 1024w, https:\/\/www.ilgourmeterrante.it\/newsite\/wp-content\/uploads\/2026\/08\/2-1-150x150.jpg 150w, https:\/\/www.ilgourmeterrante.it\/newsite\/wp-content\/uploads\/2026\/08\/2-1-768x768.jpg 768w, https:\/\/www.ilgourmeterrante.it\/newsite\/wp-content\/uploads\/2026\/08\/2-1.jpg 1440w\" sizes=\"(max-width: 300px) 100vw, 300px\" title=\"\" \/><\/a>\n\t\t\t<\/div><\/figure>\n\t\t<\/div>\n\n<p>per arrivare alla <a href=\"https:\/\/www.facebook.com\/photo\/?fbid=10237226261667478&amp;set=a.10236931169490358\">foto n. 265<\/a>,<\/p>\n<div id='gallery-3' class='gallery galleryid-6074 gallery-columns-3 gallery-size-medium'><figure class='gallery-item'>\n\t\t\t<div class='gallery-icon landscape'>\n\t\t\t\t<a href='https:\/\/www.ilgourmeterrante.it\/newsite\/wp-content\/uploads\/2026\/08\/3-1.jpg'><img decoding=\"async\" width=\"300\" height=\"300\" src=\"https:\/\/www.ilgourmeterrante.it\/newsite\/wp-content\/uploads\/2026\/08\/3-1-300x300.jpg\" class=\"attachment-medium size-medium\" alt=\"\" srcset=\"https:\/\/www.ilgourmeterrante.it\/newsite\/wp-content\/uploads\/2026\/08\/3-1-300x300.jpg 300w, https:\/\/www.ilgourmeterrante.it\/newsite\/wp-content\/uploads\/2026\/08\/3-1-1024x1024.jpg 1024w, https:\/\/www.ilgourmeterrante.it\/newsite\/wp-content\/uploads\/2026\/08\/3-1-150x150.jpg 150w, https:\/\/www.ilgourmeterrante.it\/newsite\/wp-content\/uploads\/2026\/08\/3-1-768x768.jpg 768w, https:\/\/www.ilgourmeterrante.it\/newsite\/wp-content\/uploads\/2026\/08\/3-1.jpg 1440w\" sizes=\"(max-width: 300px) 100vw, 300px\" title=\"\" \/><\/a>\n\t\t\t<\/div><\/figure>\n\t\t<\/div>\n\n<p>segue la <a href=\"https:\/\/www.facebook.com\/photo\/?fbid=10237237207941128&amp;set=a.10236931169490358\">foto n. 267<\/a>,<\/p>\n<div id='gallery-4' class='gallery galleryid-6074 gallery-columns-3 gallery-size-medium'><figure class='gallery-item'>\n\t\t\t<div class='gallery-icon landscape'>\n\t\t\t\t<a href='https:\/\/www.ilgourmeterrante.it\/newsite\/wp-content\/uploads\/2026\/08\/4-1.jpg'><img loading=\"lazy\" decoding=\"async\" width=\"300\" height=\"300\" src=\"https:\/\/www.ilgourmeterrante.it\/newsite\/wp-content\/uploads\/2026\/08\/4-1-300x300.jpg\" class=\"attachment-medium size-medium\" alt=\"\" srcset=\"https:\/\/www.ilgourmeterrante.it\/newsite\/wp-content\/uploads\/2026\/08\/4-1-300x300.jpg 300w, https:\/\/www.ilgourmeterrante.it\/newsite\/wp-content\/uploads\/2026\/08\/4-1-1024x1024.jpg 1024w, https:\/\/www.ilgourmeterrante.it\/newsite\/wp-content\/uploads\/2026\/08\/4-1-150x150.jpg 150w, https:\/\/www.ilgourmeterrante.it\/newsite\/wp-content\/uploads\/2026\/08\/4-1-768x768.jpg 768w, https:\/\/www.ilgourmeterrante.it\/newsite\/wp-content\/uploads\/2026\/08\/4-1.jpg 1440w\" sizes=\"(max-width: 300px) 100vw, 300px\" title=\"\" \/><\/a>\n\t\t\t<\/div><\/figure>\n\t\t<\/div>\n\n<p>la <a href=\"https:\/\/www.facebook.com\/photo\/?fbid=10237309799315867&amp;set=a.10236931169490358\">foto n. 270<\/a>,<\/p>\n<div id='gallery-5' class='gallery galleryid-6074 gallery-columns-3 gallery-size-medium'><figure class='gallery-item'>\n\t\t\t<div class='gallery-icon landscape'>\n\t\t\t\t<a href='https:\/\/www.ilgourmeterrante.it\/newsite\/wp-content\/uploads\/2026\/08\/5-1.jpg'><img loading=\"lazy\" decoding=\"async\" width=\"300\" height=\"300\" src=\"https:\/\/www.ilgourmeterrante.it\/newsite\/wp-content\/uploads\/2026\/08\/5-1-300x300.jpg\" class=\"attachment-medium size-medium\" alt=\"\" srcset=\"https:\/\/www.ilgourmeterrante.it\/newsite\/wp-content\/uploads\/2026\/08\/5-1-300x300.jpg 300w, https:\/\/www.ilgourmeterrante.it\/newsite\/wp-content\/uploads\/2026\/08\/5-1-1024x1024.jpg 1024w, https:\/\/www.ilgourmeterrante.it\/newsite\/wp-content\/uploads\/2026\/08\/5-1-150x150.jpg 150w, https:\/\/www.ilgourmeterrante.it\/newsite\/wp-content\/uploads\/2026\/08\/5-1-768x768.jpg 768w, https:\/\/www.ilgourmeterrante.it\/newsite\/wp-content\/uploads\/2026\/08\/5-1.jpg 1440w\" sizes=\"(max-width: 300px) 100vw, 300px\" title=\"\" \/><\/a>\n\t\t\t<\/div><\/figure>\n\t\t<\/div>\n\n<p>la <a href=\"https:\/\/www.facebook.com\/photo\/?fbid=10237384051572127&amp;set=a.10236931169490358\">foto n. 271<\/a>,<\/p>\n<div id='gallery-6' class='gallery galleryid-6074 gallery-columns-3 gallery-size-medium'><figure class='gallery-item'>\n\t\t\t<div class='gallery-icon landscape'>\n\t\t\t\t<a href='https:\/\/www.ilgourmeterrante.it\/newsite\/wp-content\/uploads\/2026\/08\/6-1.jpg'><img loading=\"lazy\" decoding=\"async\" width=\"300\" height=\"300\" src=\"https:\/\/www.ilgourmeterrante.it\/newsite\/wp-content\/uploads\/2026\/08\/6-1-300x300.jpg\" class=\"attachment-medium size-medium\" alt=\"\" srcset=\"https:\/\/www.ilgourmeterrante.it\/newsite\/wp-content\/uploads\/2026\/08\/6-1-300x300.jpg 300w, https:\/\/www.ilgourmeterrante.it\/newsite\/wp-content\/uploads\/2026\/08\/6-1-1024x1024.jpg 1024w, https:\/\/www.ilgourmeterrante.it\/newsite\/wp-content\/uploads\/2026\/08\/6-1-150x150.jpg 150w, https:\/\/www.ilgourmeterrante.it\/newsite\/wp-content\/uploads\/2026\/08\/6-1-768x768.jpg 768w, https:\/\/www.ilgourmeterrante.it\/newsite\/wp-content\/uploads\/2026\/08\/6-1.jpg 1440w\" sizes=\"(max-width: 300px) 100vw, 300px\" title=\"\" \/><\/a>\n\t\t\t<\/div><\/figure>\n\t\t<\/div>\n\n<p>la <a href=\"https:\/\/www.facebook.com\/photo\/?fbid=10237447835486685&amp;set=a.10236931169490358\">foto 272<\/a>,<\/p>\n<div id='gallery-7' class='gallery galleryid-6074 gallery-columns-3 gallery-size-medium'><figure class='gallery-item'>\n\t\t\t<div class='gallery-icon landscape'>\n\t\t\t\t<a href='https:\/\/www.ilgourmeterrante.it\/newsite\/wp-content\/uploads\/2026\/08\/7-1.jpg'><img loading=\"lazy\" decoding=\"async\" width=\"300\" height=\"300\" src=\"https:\/\/www.ilgourmeterrante.it\/newsite\/wp-content\/uploads\/2026\/08\/7-1-300x300.jpg\" class=\"attachment-medium size-medium\" alt=\"\" srcset=\"https:\/\/www.ilgourmeterrante.it\/newsite\/wp-content\/uploads\/2026\/08\/7-1-300x300.jpg 300w, https:\/\/www.ilgourmeterrante.it\/newsite\/wp-content\/uploads\/2026\/08\/7-1-1024x1024.jpg 1024w, https:\/\/www.ilgourmeterrante.it\/newsite\/wp-content\/uploads\/2026\/08\/7-1-150x150.jpg 150w, https:\/\/www.ilgourmeterrante.it\/newsite\/wp-content\/uploads\/2026\/08\/7-1-768x768.jpg 768w, https:\/\/www.ilgourmeterrante.it\/newsite\/wp-content\/uploads\/2026\/08\/7-1.jpg 1440w\" sizes=\"(max-width: 300px) 100vw, 300px\" title=\"\" \/><\/a>\n\t\t\t<\/div><\/figure>\n\t\t<\/div>\n\n<p><a href=\"https:\/\/www.facebook.com\/photo\/?fbid=10237727490477885&amp;set=a.10236931169490358\">foto n. 273,<\/a> <a href=\"https:\/\/www.facebook.com\/photo\/?fbid=10237790224566198&amp;set=a.10236931169490358)\"><br \/>\n<\/a><\/p>\n<div id='gallery-8' class='gallery galleryid-6074 gallery-columns-3 gallery-size-medium'><figure class='gallery-item'>\n\t\t\t<div class='gallery-icon landscape'>\n\t\t\t\t<a href='https:\/\/www.ilgourmeterrante.it\/newsite\/wp-content\/uploads\/2026\/08\/8-1-scaled.jpg'><img loading=\"lazy\" decoding=\"async\" width=\"300\" height=\"300\" src=\"https:\/\/www.ilgourmeterrante.it\/newsite\/wp-content\/uploads\/2026\/08\/8-1-300x300.jpg\" class=\"attachment-medium size-medium\" alt=\"\" srcset=\"https:\/\/www.ilgourmeterrante.it\/newsite\/wp-content\/uploads\/2026\/08\/8-1-300x300.jpg 300w, https:\/\/www.ilgourmeterrante.it\/newsite\/wp-content\/uploads\/2026\/08\/8-1-1024x1024.jpg 1024w, https:\/\/www.ilgourmeterrante.it\/newsite\/wp-content\/uploads\/2026\/08\/8-1-150x150.jpg 150w, https:\/\/www.ilgourmeterrante.it\/newsite\/wp-content\/uploads\/2026\/08\/8-1-768x768.jpg 768w, https:\/\/www.ilgourmeterrante.it\/newsite\/wp-content\/uploads\/2026\/08\/8-1-1536x1536.jpg 1536w, https:\/\/www.ilgourmeterrante.it\/newsite\/wp-content\/uploads\/2026\/08\/8-1-2048x2048.jpg 2048w\" sizes=\"(max-width: 300px) 100vw, 300px\" title=\"\" \/><\/a>\n\t\t\t<\/div><\/figure>\n\t\t<\/div>\n\n<p><a href=\"https:\/\/www.facebook.com\/photo\/?fbid=10237790224566198&amp;set=a.10236931169490358)\">foto n. 274<\/a>,<\/p>\n<div id='gallery-9' class='gallery galleryid-6074 gallery-columns-3 gallery-size-medium'><figure class='gallery-item'>\n\t\t\t<div class='gallery-icon landscape'>\n\t\t\t\t<a href='https:\/\/www.ilgourmeterrante.it\/newsite\/wp-content\/uploads\/2026\/08\/9-1-scaled.jpg'><img loading=\"lazy\" decoding=\"async\" width=\"300\" height=\"300\" src=\"https:\/\/www.ilgourmeterrante.it\/newsite\/wp-content\/uploads\/2026\/08\/9-1-300x300.jpg\" class=\"attachment-medium size-medium\" alt=\"\" srcset=\"https:\/\/www.ilgourmeterrante.it\/newsite\/wp-content\/uploads\/2026\/08\/9-1-300x300.jpg 300w, https:\/\/www.ilgourmeterrante.it\/newsite\/wp-content\/uploads\/2026\/08\/9-1-1024x1024.jpg 1024w, https:\/\/www.ilgourmeterrante.it\/newsite\/wp-content\/uploads\/2026\/08\/9-1-150x150.jpg 150w, https:\/\/www.ilgourmeterrante.it\/newsite\/wp-content\/uploads\/2026\/08\/9-1-768x768.jpg 768w, https:\/\/www.ilgourmeterrante.it\/newsite\/wp-content\/uploads\/2026\/08\/9-1-1536x1536.jpg 1536w, https:\/\/www.ilgourmeterrante.it\/newsite\/wp-content\/uploads\/2026\/08\/9-1-2048x2048.jpg 2048w\" sizes=\"(max-width: 300px) 100vw, 300px\" title=\"\" \/><\/a>\n\t\t\t<\/div><\/figure>\n\t\t<\/div>\n\n<p><a href=\"https:\/\/www.facebook.com\/photo\/?fbid=10237904826511175&amp;set=a.10236931169490358\">foto n. 275<\/a>,<\/p>\n<div id='gallery-10' class='gallery galleryid-6074 gallery-columns-3 gallery-size-medium'><figure class='gallery-item'>\n\t\t\t<div class='gallery-icon landscape'>\n\t\t\t\t<a href='https:\/\/www.ilgourmeterrante.it\/newsite\/wp-content\/uploads\/2026\/08\/10-1-scaled.jpg'><img loading=\"lazy\" decoding=\"async\" width=\"300\" height=\"300\" src=\"https:\/\/www.ilgourmeterrante.it\/newsite\/wp-content\/uploads\/2026\/08\/10-1-300x300.jpg\" class=\"attachment-medium size-medium\" alt=\"\" srcset=\"https:\/\/www.ilgourmeterrante.it\/newsite\/wp-content\/uploads\/2026\/08\/10-1-300x300.jpg 300w, https:\/\/www.ilgourmeterrante.it\/newsite\/wp-content\/uploads\/2026\/08\/10-1-1024x1024.jpg 1024w, https:\/\/www.ilgourmeterrante.it\/newsite\/wp-content\/uploads\/2026\/08\/10-1-150x150.jpg 150w, https:\/\/www.ilgourmeterrante.it\/newsite\/wp-content\/uploads\/2026\/08\/10-1-768x768.jpg 768w, https:\/\/www.ilgourmeterrante.it\/newsite\/wp-content\/uploads\/2026\/08\/10-1-1536x1536.jpg 1536w, https:\/\/www.ilgourmeterrante.it\/newsite\/wp-content\/uploads\/2026\/08\/10-1-2048x2048.jpg 2048w\" sizes=\"(max-width: 300px) 100vw, 300px\" title=\"\" \/><\/a>\n\t\t\t<\/div><\/figure>\n\t\t<\/div>\n\n<p>f<a href=\"https:\/\/www.facebook.com\/photo\/?fbid=10237955368174685&amp;set=a.10236931169490358\">oto n. 276,<\/a><\/p>\n<div id='gallery-11' class='gallery galleryid-6074 gallery-columns-3 gallery-size-medium'><figure class='gallery-item'>\n\t\t\t<div class='gallery-icon landscape'>\n\t\t\t\t<a href='https:\/\/www.ilgourmeterrante.it\/newsite\/wp-content\/uploads\/2026\/08\/11-1-scaled.jpg'><img loading=\"lazy\" decoding=\"async\" width=\"300\" height=\"300\" src=\"https:\/\/www.ilgourmeterrante.it\/newsite\/wp-content\/uploads\/2026\/08\/11-1-300x300.jpg\" class=\"attachment-medium size-medium\" alt=\"\" srcset=\"https:\/\/www.ilgourmeterrante.it\/newsite\/wp-content\/uploads\/2026\/08\/11-1-300x300.jpg 300w, https:\/\/www.ilgourmeterrante.it\/newsite\/wp-content\/uploads\/2026\/08\/11-1-1024x1024.jpg 1024w, https:\/\/www.ilgourmeterrante.it\/newsite\/wp-content\/uploads\/2026\/08\/11-1-150x150.jpg 150w, https:\/\/www.ilgourmeterrante.it\/newsite\/wp-content\/uploads\/2026\/08\/11-1-768x768.jpg 768w, https:\/\/www.ilgourmeterrante.it\/newsite\/wp-content\/uploads\/2026\/08\/11-1-1536x1536.jpg 1536w, https:\/\/www.ilgourmeterrante.it\/newsite\/wp-content\/uploads\/2026\/08\/11-1-2048x2048.jpg 2048w\" sizes=\"(max-width: 300px) 100vw, 300px\" title=\"\" \/><\/a>\n\t\t\t<\/div><\/figure>\n\t\t<\/div>\n\n<p>la penultima foto \u00e8 la <a href=\"https:\/\/www.facebook.com\/photo\/?fbid=10238162126263508&amp;set=a.10236931169490358\">foto n. 277<\/a><\/p>\n<div id='gallery-12' class='gallery galleryid-6074 gallery-columns-3 gallery-size-medium'><figure class='gallery-item'>\n\t\t\t<div class='gallery-icon landscape'>\n\t\t\t\t<a href='https:\/\/www.ilgourmeterrante.it\/newsite\/wp-content\/uploads\/2026\/08\/12-1-scaled.jpg'><img loading=\"lazy\" decoding=\"async\" width=\"300\" height=\"300\" src=\"https:\/\/www.ilgourmeterrante.it\/newsite\/wp-content\/uploads\/2026\/08\/12-1-300x300.jpg\" class=\"attachment-medium size-medium\" alt=\"\" srcset=\"https:\/\/www.ilgourmeterrante.it\/newsite\/wp-content\/uploads\/2026\/08\/12-1-300x300.jpg 300w, https:\/\/www.ilgourmeterrante.it\/newsite\/wp-content\/uploads\/2026\/08\/12-1-1024x1024.jpg 1024w, https:\/\/www.ilgourmeterrante.it\/newsite\/wp-content\/uploads\/2026\/08\/12-1-150x150.jpg 150w, https:\/\/www.ilgourmeterrante.it\/newsite\/wp-content\/uploads\/2026\/08\/12-1-768x768.jpg 768w, https:\/\/www.ilgourmeterrante.it\/newsite\/wp-content\/uploads\/2026\/08\/12-1-1536x1536.jpg 1536w, https:\/\/www.ilgourmeterrante.it\/newsite\/wp-content\/uploads\/2026\/08\/12-1-2048x2048.jpg 2048w\" sizes=\"(max-width: 300px) 100vw, 300px\" title=\"\" \/><\/a>\n\t\t\t<\/div><\/figure>\n\t\t<\/div>\n\n<p>a chiudere la <a href=\"https:\/\/www.facebook.com\/photo\/?fbid=10238434923763275&amp;set=a.10236931169490358\">foto n. 278<\/a>.<\/p>\n<div id='gallery-13' class='gallery galleryid-6074 gallery-columns-3 gallery-size-medium'><figure class='gallery-item'>\n\t\t\t<div class='gallery-icon landscape'>\n\t\t\t\t<a href='https:\/\/www.ilgourmeterrante.it\/newsite\/wp-content\/uploads\/2026\/08\/13-1-scaled.jpg'><img loading=\"lazy\" decoding=\"async\" width=\"300\" height=\"300\" src=\"https:\/\/www.ilgourmeterrante.it\/newsite\/wp-content\/uploads\/2026\/08\/13-1-300x300.jpg\" class=\"attachment-medium size-medium\" alt=\"\" srcset=\"https:\/\/www.ilgourmeterrante.it\/newsite\/wp-content\/uploads\/2026\/08\/13-1-300x300.jpg 300w, https:\/\/www.ilgourmeterrante.it\/newsite\/wp-content\/uploads\/2026\/08\/13-1-1024x1024.jpg 1024w, https:\/\/www.ilgourmeterrante.it\/newsite\/wp-content\/uploads\/2026\/08\/13-1-150x150.jpg 150w, https:\/\/www.ilgourmeterrante.it\/newsite\/wp-content\/uploads\/2026\/08\/13-1-768x768.jpg 768w, https:\/\/www.ilgourmeterrante.it\/newsite\/wp-content\/uploads\/2026\/08\/13-1-1536x1536.jpg 1536w, https:\/\/www.ilgourmeterrante.it\/newsite\/wp-content\/uploads\/2026\/08\/13-1-2048x2048.jpg 2048w\" sizes=\"(max-width: 300px) 100vw, 300px\" title=\"\" \/><\/a>\n\t\t\t<\/div><\/figure>\n\t\t<\/div>\n\n<p>Un mio detto \u00e8: \u2026tutto nelle vita non si pu\u00f2 fare\u2026 al Vinitaly riesco a fare circa il 50% delle cose che mi sono ripromesso.<br \/>\nIl tempo vola e alla fine ti rendi conto di essere in colpa con diverse aziende, addirittura con intere regioni. Quattro giorni intensi dalle 9,00 a chiusura, anche oltre, con il gran finale nel padiglione della mia regione con brindisi e con tante foto.<\/p>\n<p>Altre foto a cui tengo in maniera particolare sono le composizione dei miei migliori assaggi giorno per giorno. Il primo giorno \u00e8 raccolto nella<a href=\"https:\/\/www.facebook.com\/photo\/?fbid=10237161714813847&amp;set=a.10236931169490358\"> foto n. 258<\/a>:<\/p>\n<div id='gallery-14' class='gallery galleryid-6074 gallery-columns-3 gallery-size-medium'><figure class='gallery-item'>\n\t\t\t<div class='gallery-icon landscape'>\n\t\t\t\t<a href='https:\/\/www.ilgourmeterrante.it\/newsite\/wp-content\/uploads\/2026\/08\/14-1.jpg'><img loading=\"lazy\" decoding=\"async\" width=\"300\" height=\"300\" src=\"https:\/\/www.ilgourmeterrante.it\/newsite\/wp-content\/uploads\/2026\/08\/14-1-300x300.jpg\" class=\"attachment-medium size-medium\" alt=\"\" srcset=\"https:\/\/www.ilgourmeterrante.it\/newsite\/wp-content\/uploads\/2026\/08\/14-1-300x300.jpg 300w, https:\/\/www.ilgourmeterrante.it\/newsite\/wp-content\/uploads\/2026\/08\/14-1-1024x1024.jpg 1024w, https:\/\/www.ilgourmeterrante.it\/newsite\/wp-content\/uploads\/2026\/08\/14-1-150x150.jpg 150w, https:\/\/www.ilgourmeterrante.it\/newsite\/wp-content\/uploads\/2026\/08\/14-1-768x768.jpg 768w, https:\/\/www.ilgourmeterrante.it\/newsite\/wp-content\/uploads\/2026\/08\/14-1.jpg 1440w\" sizes=\"(max-width: 300px) 100vw, 300px\" title=\"\" \/><\/a>\n\t\t\t<\/div><\/figure>\n\t\t<\/div>\n\n<p>Primo giorno di Vinitaly dove mi rendo conto che sar\u00e0 impossibile fare tutte le aziende che mi ero segnato, ho perso anche i miei appunti dentro alla bellissima pochette che portavo da anni.<br \/>\nNel primo giorno andando su e gi\u00f9 per stand e padiglioni ho incontrato persone che rendono questo mondo sempre pi\u00f9 bello, ho degustato circa 100 vini, di queste me ne sono piaciuti in modo particolare 12, uno \u00e8 stato abbinato a dell\u2019ottimo cibo.<br \/>\nEcco i primi 6:<br \/>\nBenito Ferrara\u00a0di\u00a0Gabriella Ferrara\u00a0&#8211; Vigna Cicogna Greco di Tufo DOCG 2025, un vino che mi piace da sempre, in quest\u2019annata \u00e8 notevole.<\/p>\n<p>Rocca del Principe\u00a0di\u00a0Aurelia Fabrizio\u00a0Ercole Zarrella\u00a0Simona Zarrella,\u00a0Mariarita Zarrella\u00a0&#8211; Fiano di Avellino Versante D\u2019Ercole DOCG 2024, un super Fiano in compagnia di un fantastico 2011.<\/p>\n<p>Cantine Marisa Cuomo\u00a0Marisa Cuomo Furore\u00a0Andrea Ferraioli\u00a0Dorotea Dora Ferraioli\u00a0Raffaele Ferraioli\u00a0&#8211; Fiorduva DOC Furore Bianco 2024, il Fiorduva \u00e8 ancora pi\u00f9 buono ed elegante nella sua nuova etichetta. Complimenti grandi alla famiglia Ferraioli.<\/p>\n<p>Antonio Mazzella\u00a0Nicola Mazzella\u00a0&#8211; Vigna del Lume Ischia Biancolella DOC 2024, aspettando ancora un po\u2019 una super 2025, godiamoci la 2024 e la 2023.<\/p>\n<p>Laura De Vito\u00a0&#8211; Verzare Fiano di Avellino DOCG 2023, tra i tre Cru dell\u2019azienda, tutti potevano andare tra i migliori, oggi ho scelto lui perch\u00e9 \u00e8 il pi\u00f9 in forma.<\/p>\n<p>Az.vinicola Villa Diamante\u00a0Diamante Maria Renna\u00a0Diamante Dee Gaita\u00a0Francesca Gaggioli\u00a0&#8211; Vecchie Vigne Campania IGT 2020, quando un grande Fiano pu\u00f2 farti godere per anni e anni ancora. Contento ASSAI per tutto ci\u00f2 che piace in questa azienda.<br \/>\nP.S. Ammazza quante cravatte. Il mio telefonino si \u00e8 rifiutato di fare ci\u00f2 che \u00e8 stato messo all\u2019entrata del Vinitaly.<\/p>\n<p>La seconda <a href=\"https:\/\/www.facebook.com\/photo\/?fbid=10237162248987201&amp;set=a.10236931169490358\">foto \u00e8 la n. 259:<\/a><\/p>\n<div id='gallery-15' class='gallery galleryid-6074 gallery-columns-3 gallery-size-medium'><figure class='gallery-item'>\n\t\t\t<div class='gallery-icon landscape'>\n\t\t\t\t<a href='https:\/\/www.ilgourmeterrante.it\/newsite\/wp-content\/uploads\/2026\/08\/15-1.jpg'><img loading=\"lazy\" decoding=\"async\" width=\"300\" height=\"300\" src=\"https:\/\/www.ilgourmeterrante.it\/newsite\/wp-content\/uploads\/2026\/08\/15-1-300x300.jpg\" class=\"attachment-medium size-medium\" alt=\"\" srcset=\"https:\/\/www.ilgourmeterrante.it\/newsite\/wp-content\/uploads\/2026\/08\/15-1-300x300.jpg 300w, https:\/\/www.ilgourmeterrante.it\/newsite\/wp-content\/uploads\/2026\/08\/15-1-1024x1024.jpg 1024w, https:\/\/www.ilgourmeterrante.it\/newsite\/wp-content\/uploads\/2026\/08\/15-1-150x150.jpg 150w, https:\/\/www.ilgourmeterrante.it\/newsite\/wp-content\/uploads\/2026\/08\/15-1-768x768.jpg 768w, https:\/\/www.ilgourmeterrante.it\/newsite\/wp-content\/uploads\/2026\/08\/15-1.jpg 1440w\" sizes=\"(max-width: 300px) 100vw, 300px\" title=\"\" \/><\/a>\n\t\t\t<\/div><\/figure>\n\t\t<\/div>\n\n<p>Cantine I FAVATI\u00a0Rosanna Petrozziello\u00a0Favati Giancarlo\u00a0Carla Giusy Favati\u00a0&#8211; un vino arriver\u00e0 e sar\u00e0 una gran bomba di qualit\u00e0, bont\u00e0. Complimenti immensi a I Favati tutti.<\/p>\n<p>Di Meo Vini\u00a0Roberto Di Meo\u00a0Paola Vitale\u00a0&#8211; Fiano di Avellino DOCG 2022, un gran Fiano di qualit\u00e0 eccelsa con al fianco ci\u00f2 che questo vitigno pu\u00f2 dare come questo spettacolare 1993.<\/p>\n<p>Colli di Lapio Clelia Romano Carmela Cieri Federico Cieri &#8211; Fiano DOCG 2025, per lui bisogna aspettare ancora un po\u2019, per\u00f2 iniziatelo a prenotare, \u00e8 strabuono ASSAI, godiamoci ancora questo super 2022.<\/p>\n<p>Damiano Ciolli\u00a0&#8211; Olevano Romano Cesanese DOC Riserva 2022, sei Riserva, eri Cirsium, sarai un altro nome a breve, ma so che sei sempre di pi\u00f9 un orgoglio del mio paesello.<\/p>\n<p>Cantine Olivella\u00a0&#8211; VIPT Vesuvio Piedirosso DOP 2024, lo iniziate a capire che questo vulcano, questa terra pu\u00f2 portare a vini rossi pieni di freschezza e goduria, ecco questo \u00e8 cos\u00ec, senza togliere nulla a fantastici bianchi che producete \u00e8 un rosato super.<\/p>\n<p>Terrescure\u00a0&#8211; 260 Bernardeschi Governo all\u2019uso Toscano IGT 2024, sar\u00e0 stato l\u2019abbinamento con le ottime bruschette di\u00a0Alessandro Pierangioli\u00a0della\u00a0La Vecchia Nicchia\u00a0a San Gimignano, sar\u00e0 stato la presenza di una ragazza molto bella, sar\u00e0 stato che sto vino \u00e8 molto piacevole e bravo Marco.<\/p>\n<p>Il primo giorno ho partecipato, grazie al Gambero Rosso a un\u2019eccellente verticale del Voberg della Cantina Cooperativa Terlano, dieci anni tutte in perfetta forma, d\u2019altronde da sempre questo \u00e8 un vino che a fatto la storia dell\u2019Alto Adige, dell\u2019Italia tutta.<\/p>\n<div id='gallery-16' class='gallery galleryid-6074 gallery-columns-3 gallery-size-medium'><figure class='gallery-item'>\n\t\t\t<div class='gallery-icon portrait'>\n\t\t\t\t<a href='https:\/\/www.ilgourmeterrante.it\/newsite\/wp-content\/uploads\/2026\/08\/31-1.jpg'><img loading=\"lazy\" decoding=\"async\" width=\"224\" height=\"300\" src=\"https:\/\/www.ilgourmeterrante.it\/newsite\/wp-content\/uploads\/2026\/08\/31-1-224x300.jpg\" class=\"attachment-medium size-medium\" alt=\"\" srcset=\"https:\/\/www.ilgourmeterrante.it\/newsite\/wp-content\/uploads\/2026\/08\/31-1-224x300.jpg 224w, https:\/\/www.ilgourmeterrante.it\/newsite\/wp-content\/uploads\/2026\/08\/31-1-764x1024.jpg 764w, https:\/\/www.ilgourmeterrante.it\/newsite\/wp-content\/uploads\/2026\/08\/31-1-768x1029.jpg 768w, https:\/\/www.ilgourmeterrante.it\/newsite\/wp-content\/uploads\/2026\/08\/31-1-1146x1536.jpg 1146w, https:\/\/www.ilgourmeterrante.it\/newsite\/wp-content\/uploads\/2026\/08\/31-1.jpg 1528w\" sizes=\"(max-width: 224px) 100vw, 224px\" title=\"\" \/><\/a>\n\t\t\t<\/div><\/figure><figure class='gallery-item'>\n\t\t\t<div class='gallery-icon landscape'>\n\t\t\t\t<a href='https:\/\/www.ilgourmeterrante.it\/newsite\/wp-content\/uploads\/2026\/08\/30-1.jpg'><img loading=\"lazy\" decoding=\"async\" width=\"300\" height=\"191\" src=\"https:\/\/www.ilgourmeterrante.it\/newsite\/wp-content\/uploads\/2026\/08\/30-1-300x191.jpg\" class=\"attachment-medium size-medium\" alt=\"\" srcset=\"https:\/\/www.ilgourmeterrante.it\/newsite\/wp-content\/uploads\/2026\/08\/30-1-300x191.jpg 300w, https:\/\/www.ilgourmeterrante.it\/newsite\/wp-content\/uploads\/2026\/08\/30-1-1024x653.jpg 1024w, https:\/\/www.ilgourmeterrante.it\/newsite\/wp-content\/uploads\/2026\/08\/30-1-768x490.jpg 768w, https:\/\/www.ilgourmeterrante.it\/newsite\/wp-content\/uploads\/2026\/08\/30-1-1536x980.jpg 1536w, https:\/\/www.ilgourmeterrante.it\/newsite\/wp-content\/uploads\/2026\/08\/30-1.jpg 2048w\" sizes=\"(max-width: 300px) 100vw, 300px\" title=\"\" \/><\/a>\n\t\t\t<\/div><\/figure>\n\t\t<\/div>\n\n<p>Siamo al secondo giorno alla <a href=\"https:\/\/www.facebook.com\/photo\/?fbid=10237174357609909&amp;set=a.10236931169490358\">foto n. 260<\/a>:<\/p>\n<div id='gallery-17' class='gallery galleryid-6074 gallery-columns-3 gallery-size-medium'><figure class='gallery-item'>\n\t\t\t<div class='gallery-icon landscape'>\n\t\t\t\t<a href='https:\/\/www.ilgourmeterrante.it\/newsite\/wp-content\/uploads\/2026\/08\/16-1.jpg'><img loading=\"lazy\" decoding=\"async\" width=\"300\" height=\"300\" src=\"https:\/\/www.ilgourmeterrante.it\/newsite\/wp-content\/uploads\/2026\/08\/16-1-300x300.jpg\" class=\"attachment-medium size-medium\" alt=\"\" srcset=\"https:\/\/www.ilgourmeterrante.it\/newsite\/wp-content\/uploads\/2026\/08\/16-1-300x300.jpg 300w, https:\/\/www.ilgourmeterrante.it\/newsite\/wp-content\/uploads\/2026\/08\/16-1-1024x1024.jpg 1024w, https:\/\/www.ilgourmeterrante.it\/newsite\/wp-content\/uploads\/2026\/08\/16-1-150x150.jpg 150w, https:\/\/www.ilgourmeterrante.it\/newsite\/wp-content\/uploads\/2026\/08\/16-1-768x768.jpg 768w, https:\/\/www.ilgourmeterrante.it\/newsite\/wp-content\/uploads\/2026\/08\/16-1.jpg 1440w\" sizes=\"(max-width: 300px) 100vw, 300px\" title=\"\" \/><\/a>\n\t\t\t<\/div><\/figure>\n\t\t<\/div>\n\n<p>Secondo giorno di Vinitaly dove mi rendo conto che sar\u00e0 impossibile fare tutte le aziende che mi ero segnato, ho perso anche i miei appunti dentro alla bellissima pochette che portavo da anni.<br \/>\nNel secondo giorno andando su e gi\u00f9 per stand e padiglioni ho incontrato persone che rendono questo mondo sempre pi\u00f9 bello, ho degustato circa 90 vini, di queste me ne sono piaciuti in modo particolare 9. Sono 4 vini bianchi, 4 vini rossi e un Vin Santo.<br \/>\nIl Colombaio Di Santa Chiara\u00a0Stefano Logi\u00a0Alessio Logi\u00a0Filippo Logi\u00a0Federico Logi\u00a0Simona Martini\u00a0&#8211; L\u2019Albereta Vernaccia di San Gimignano DOCG Riserva 2023, un vino con cui sfiderei il mondo dei vini bianchi.<\/p>\n<p>Leonardo Bussoletti Winery\u00a0Leonardo Bussoletti\u00a0Ilaria Ricci\u00a0&#8211; Colle Pizzuto Malvasia Umbria IGT 2024, chi sa far tutto non esiste ma Leonardo sui vini sa far tanto, molto buono anche nuovo ciliegio o dedicato a San Francesco.<\/p>\n<p>Azienda Agricola Feudi Spada\u00a0Alessandro Leoni\u00a0&#8211; Monte &#8211; Alfina IGT Umbria, lo Chardonnay con cui sfiderei il mondo\u2026 caro Alessandro l\u2019olio \u00e8 fantastico.<\/p>\n<p>Tenuta Le Calcinaie\u00a0&#8211; Vigna ai Sassi Vernaccia DOCG Riserva 2023, Simone felice di averti rivisto, il tuo cru \u00e8 strabuono!<\/p>\n<p>Giacomo Fenocchio Azienda Agricola\u00a0Fenocchio Claudio\u00a0&#8211; Barolo DOCG Bussia 90 d\u00ec Riserva 2019, in annate come queste, questo Bussia se la pu\u00f2 battere con tutto l\u2019universo del vino. CAPOLAVORO!<\/p>\n<p>Comm. G.B. Burlotto &#8211; Barolo DOCG 2022, vi faccio presente che per quest\u2019annata ci sar\u00e0 solo questo Barolo e quindi \u00e8 \u201cBONO ASSAI\u201d! Prenotatevelo\u2026 ops \u00e8 gi\u00e0 finito.<\/p>\n<p>San Gregorio\u00a0Michele Monica\u00a0&#8211; Chianti Colli Senesi DOCG 2024, l\u2019ho seguito dalla vendemmia, diventa ogni giorno sempre pi\u00f9 buono.<\/p>\n<p>Podere Ema &#8211; Immersive Winery\u00a0Enrico Calvelli\u00a0Sara Cintelli\u00a0&#8211; Chianti Superiore 2024, il vino pi\u00f9 sorprendente dell\u2019anno, prezzo qualit\u00e0 &#8211; prezzo eccezionale. Complimenti alla Podere Ema tutta.<\/p>\n<p>Conti Capponi &#8211; Villa Calcinaia\u00a0&#8211; Vin Santo che ti rimette al mondo, dietro un vino bianco che far\u00e0 parlare.<br \/>\nP.S. Oggi meno cravatte. Il mio telefonino continua a rifiutarsi di fare ci\u00f2 che \u00e8 stato messo all\u2019entrata del Vinitaly. Una cosa molto bella riscontrata tra i produttori\/trici tanta, gioia, tanta forza per ci\u00f2 che fanno, la crisi? Forse scelgo quelli giusti e loro sono ottimisti ASSAI!<\/p>\n<p>Il secondo giorno quest\u2019anno \u00e8 stato arricchito, per la prima volta dalla presentazione delle guide \u201cI Luoghi del Cesanese 2025 \u2013 2026\u201d e \u201cLa Tuscia del Vino 2026\u201d sul palco con l\u2019amico fraterno Carlo Zucchetti, ecco alcune foto della presentazione.<\/p>\n<div id='gallery-18' class='gallery galleryid-6074 gallery-columns-3 gallery-size-medium'><figure class='gallery-item'>\n\t\t\t<div class='gallery-icon landscape'>\n\t\t\t\t<a href='https:\/\/www.ilgourmeterrante.it\/newsite\/wp-content\/uploads\/2026\/08\/29-1.jpg'><img loading=\"lazy\" decoding=\"async\" width=\"300\" height=\"225\" src=\"https:\/\/www.ilgourmeterrante.it\/newsite\/wp-content\/uploads\/2026\/08\/29-1-300x225.jpg\" class=\"attachment-medium size-medium\" alt=\"\" srcset=\"https:\/\/www.ilgourmeterrante.it\/newsite\/wp-content\/uploads\/2026\/08\/29-1-300x225.jpg 300w, https:\/\/www.ilgourmeterrante.it\/newsite\/wp-content\/uploads\/2026\/08\/29-1-768x576.jpg 768w, https:\/\/www.ilgourmeterrante.it\/newsite\/wp-content\/uploads\/2026\/08\/29-1-320x240.jpg 320w, https:\/\/www.ilgourmeterrante.it\/newsite\/wp-content\/uploads\/2026\/08\/29-1.jpg 960w\" sizes=\"(max-width: 300px) 100vw, 300px\" title=\"\" \/><\/a>\n\t\t\t<\/div><\/figure><figure class='gallery-item'>\n\t\t\t<div class='gallery-icon landscape'>\n\t\t\t\t<a href='https:\/\/www.ilgourmeterrante.it\/newsite\/wp-content\/uploads\/2026\/08\/22-1.jpg'><img loading=\"lazy\" decoding=\"async\" width=\"300\" height=\"177\" src=\"https:\/\/www.ilgourmeterrante.it\/newsite\/wp-content\/uploads\/2026\/08\/22-1-300x177.jpg\" class=\"attachment-medium size-medium\" alt=\"\" srcset=\"https:\/\/www.ilgourmeterrante.it\/newsite\/wp-content\/uploads\/2026\/08\/22-1-300x177.jpg 300w, https:\/\/www.ilgourmeterrante.it\/newsite\/wp-content\/uploads\/2026\/08\/22-1-1024x604.jpg 1024w, https:\/\/www.ilgourmeterrante.it\/newsite\/wp-content\/uploads\/2026\/08\/22-1-768x453.jpg 768w, https:\/\/www.ilgourmeterrante.it\/newsite\/wp-content\/uploads\/2026\/08\/22-1.jpg 1333w\" sizes=\"(max-width: 300px) 100vw, 300px\" title=\"\" \/><\/a>\n\t\t\t<\/div><\/figure><figure class='gallery-item'>\n\t\t\t<div class='gallery-icon portrait'>\n\t\t\t\t<a href='https:\/\/www.ilgourmeterrante.it\/newsite\/wp-content\/uploads\/2026\/08\/23-1.jpg'><img loading=\"lazy\" decoding=\"async\" width=\"225\" height=\"300\" src=\"https:\/\/www.ilgourmeterrante.it\/newsite\/wp-content\/uploads\/2026\/08\/23-1-225x300.jpg\" class=\"attachment-medium size-medium\" alt=\"\" srcset=\"https:\/\/www.ilgourmeterrante.it\/newsite\/wp-content\/uploads\/2026\/08\/23-1-225x300.jpg 225w, https:\/\/www.ilgourmeterrante.it\/newsite\/wp-content\/uploads\/2026\/08\/23-1-768x1024.jpg 768w, https:\/\/www.ilgourmeterrante.it\/newsite\/wp-content\/uploads\/2026\/08\/23-1-1152x1536.jpg 1152w, https:\/\/www.ilgourmeterrante.it\/newsite\/wp-content\/uploads\/2026\/08\/23-1.jpg 1200w\" sizes=\"(max-width: 225px) 100vw, 225px\" title=\"\" \/><\/a>\n\t\t\t<\/div><\/figure><figure class='gallery-item'>\n\t\t\t<div class='gallery-icon landscape'>\n\t\t\t\t<a href='https:\/\/www.ilgourmeterrante.it\/newsite\/wp-content\/uploads\/2026\/08\/24-1.jpg'><img loading=\"lazy\" decoding=\"async\" width=\"300\" height=\"225\" src=\"https:\/\/www.ilgourmeterrante.it\/newsite\/wp-content\/uploads\/2026\/08\/24-1-300x225.jpg\" class=\"attachment-medium size-medium\" alt=\"\" srcset=\"https:\/\/www.ilgourmeterrante.it\/newsite\/wp-content\/uploads\/2026\/08\/24-1-300x225.jpg 300w, https:\/\/www.ilgourmeterrante.it\/newsite\/wp-content\/uploads\/2026\/08\/24-1-1024x768.jpg 1024w, https:\/\/www.ilgourmeterrante.it\/newsite\/wp-content\/uploads\/2026\/08\/24-1-768x576.jpg 768w, https:\/\/www.ilgourmeterrante.it\/newsite\/wp-content\/uploads\/2026\/08\/24-1-1536x1152.jpg 1536w, https:\/\/www.ilgourmeterrante.it\/newsite\/wp-content\/uploads\/2026\/08\/24-1-320x240.jpg 320w, https:\/\/www.ilgourmeterrante.it\/newsite\/wp-content\/uploads\/2026\/08\/24-1.jpg 1600w\" sizes=\"(max-width: 300px) 100vw, 300px\" title=\"\" \/><\/a>\n\t\t\t<\/div><\/figure><figure class='gallery-item'>\n\t\t\t<div class='gallery-icon landscape'>\n\t\t\t\t<a href='https:\/\/www.ilgourmeterrante.it\/newsite\/wp-content\/uploads\/2026\/08\/25-1.jpg'><img loading=\"lazy\" decoding=\"async\" width=\"300\" height=\"207\" src=\"https:\/\/www.ilgourmeterrante.it\/newsite\/wp-content\/uploads\/2026\/08\/25-1-300x207.jpg\" class=\"attachment-medium size-medium\" alt=\"\" srcset=\"https:\/\/www.ilgourmeterrante.it\/newsite\/wp-content\/uploads\/2026\/08\/25-1-300x207.jpg 300w, https:\/\/www.ilgourmeterrante.it\/newsite\/wp-content\/uploads\/2026\/08\/25-1-1024x706.jpg 1024w, https:\/\/www.ilgourmeterrante.it\/newsite\/wp-content\/uploads\/2026\/08\/25-1-768x529.jpg 768w, https:\/\/www.ilgourmeterrante.it\/newsite\/wp-content\/uploads\/2026\/08\/25-1-150x105.jpg 150w, https:\/\/www.ilgourmeterrante.it\/newsite\/wp-content\/uploads\/2026\/08\/25-1.jpg 1107w\" sizes=\"(max-width: 300px) 100vw, 300px\" title=\"\" \/><\/a>\n\t\t\t<\/div><\/figure><figure class='gallery-item'>\n\t\t\t<div class='gallery-icon landscape'>\n\t\t\t\t<a href='https:\/\/www.ilgourmeterrante.it\/newsite\/wp-content\/uploads\/2026\/08\/26-1.jpg'><img loading=\"lazy\" decoding=\"async\" width=\"300\" height=\"205\" src=\"https:\/\/www.ilgourmeterrante.it\/newsite\/wp-content\/uploads\/2026\/08\/26-1-300x205.jpg\" class=\"attachment-medium size-medium\" alt=\"\" srcset=\"https:\/\/www.ilgourmeterrante.it\/newsite\/wp-content\/uploads\/2026\/08\/26-1-300x205.jpg 300w, https:\/\/www.ilgourmeterrante.it\/newsite\/wp-content\/uploads\/2026\/08\/26-1-1024x700.jpg 1024w, https:\/\/www.ilgourmeterrante.it\/newsite\/wp-content\/uploads\/2026\/08\/26-1-768x525.jpg 768w, https:\/\/www.ilgourmeterrante.it\/newsite\/wp-content\/uploads\/2026\/08\/26-1.jpg 1292w\" sizes=\"(max-width: 300px) 100vw, 300px\" title=\"\" \/><\/a>\n\t\t\t<\/div><\/figure><figure class='gallery-item'>\n\t\t\t<div class='gallery-icon landscape'>\n\t\t\t\t<a href='https:\/\/www.ilgourmeterrante.it\/newsite\/wp-content\/uploads\/2026\/08\/27-1.jpg'><img loading=\"lazy\" decoding=\"async\" width=\"300\" height=\"225\" src=\"https:\/\/www.ilgourmeterrante.it\/newsite\/wp-content\/uploads\/2026\/08\/27-1-300x225.jpg\" class=\"attachment-medium size-medium\" alt=\"\" srcset=\"https:\/\/www.ilgourmeterrante.it\/newsite\/wp-content\/uploads\/2026\/08\/27-1-300x225.jpg 300w, https:\/\/www.ilgourmeterrante.it\/newsite\/wp-content\/uploads\/2026\/08\/27-1-1024x768.jpg 1024w, https:\/\/www.ilgourmeterrante.it\/newsite\/wp-content\/uploads\/2026\/08\/27-1-768x576.jpg 768w, https:\/\/www.ilgourmeterrante.it\/newsite\/wp-content\/uploads\/2026\/08\/27-1-1536x1152.jpg 1536w, https:\/\/www.ilgourmeterrante.it\/newsite\/wp-content\/uploads\/2026\/08\/27-1-320x240.jpg 320w, https:\/\/www.ilgourmeterrante.it\/newsite\/wp-content\/uploads\/2026\/08\/27-1.jpg 1600w\" sizes=\"(max-width: 300px) 100vw, 300px\" title=\"\" \/><\/a>\n\t\t\t<\/div><\/figure><figure class='gallery-item'>\n\t\t\t<div class='gallery-icon landscape'>\n\t\t\t\t<a href='https:\/\/www.ilgourmeterrante.it\/newsite\/wp-content\/uploads\/2026\/08\/28-1.jpg'><img loading=\"lazy\" decoding=\"async\" width=\"300\" height=\"214\" src=\"https:\/\/www.ilgourmeterrante.it\/newsite\/wp-content\/uploads\/2026\/08\/28-1-300x214.jpg\" class=\"attachment-medium size-medium\" alt=\"\" srcset=\"https:\/\/www.ilgourmeterrante.it\/newsite\/wp-content\/uploads\/2026\/08\/28-1-300x214.jpg 300w, https:\/\/www.ilgourmeterrante.it\/newsite\/wp-content\/uploads\/2026\/08\/28-1-1024x730.jpg 1024w, https:\/\/www.ilgourmeterrante.it\/newsite\/wp-content\/uploads\/2026\/08\/28-1-768x548.jpg 768w, https:\/\/www.ilgourmeterrante.it\/newsite\/wp-content\/uploads\/2026\/08\/28-1.jpg 1081w\" sizes=\"(max-width: 300px) 100vw, 300px\" title=\"\" \/><\/a>\n\t\t\t<\/div><\/figure>\n\t\t<\/div>\n\n<p>Terzo giorno e si va alla<a href=\"https:\/\/www.facebook.com\/photo\/?fbid=10237203064847572&amp;set=a.10236931169490358\"> foto n. 262<\/a>:<\/p>\n<div id='gallery-19' class='gallery galleryid-6074 gallery-columns-3 gallery-size-medium'><figure class='gallery-item'>\n\t\t\t<div class='gallery-icon landscape'>\n\t\t\t\t<a href='https:\/\/www.ilgourmeterrante.it\/newsite\/wp-content\/uploads\/2026\/08\/17-1.jpg'><img loading=\"lazy\" decoding=\"async\" width=\"300\" height=\"300\" src=\"https:\/\/www.ilgourmeterrante.it\/newsite\/wp-content\/uploads\/2026\/08\/17-1-300x300.jpg\" class=\"attachment-medium size-medium\" alt=\"\" srcset=\"https:\/\/www.ilgourmeterrante.it\/newsite\/wp-content\/uploads\/2026\/08\/17-1-300x300.jpg 300w, https:\/\/www.ilgourmeterrante.it\/newsite\/wp-content\/uploads\/2026\/08\/17-1-1024x1024.jpg 1024w, https:\/\/www.ilgourmeterrante.it\/newsite\/wp-content\/uploads\/2026\/08\/17-1-150x150.jpg 150w, https:\/\/www.ilgourmeterrante.it\/newsite\/wp-content\/uploads\/2026\/08\/17-1-768x768.jpg 768w, https:\/\/www.ilgourmeterrante.it\/newsite\/wp-content\/uploads\/2026\/08\/17-1.jpg 1440w\" sizes=\"(max-width: 300px) 100vw, 300px\" title=\"\" \/><\/a>\n\t\t\t<\/div><\/figure>\n\t\t<\/div>\n\n<p>Terzo giorno di Vinitaly dove mi rendo conto che sar\u00e0 impossibile fare tutte le aziende che mi ero segnato, ho perso anche i miei appunti dentro alla bellissima pochette che portavo da anni.<br \/>\nNel terzo giorno andando su e gi\u00f9 per stand e padiglioni ho incontrato persone che rendono questo mondo sempre pi\u00f9 bello, ho degustato circa 100 vini, di questi me ne sono piaciuti in modo particolare 21. Sono 5 spumanti, un moscato, 6 vini bianchi, un rosato e 8 vini rossi.<br \/>\nEcco i primi sei:<br \/>\nC\u00e0 Rovere &#8211; metodo classico pinot nero extra brut blanc de noirs millesimato 2022, un\u2019ottima sorpresa grazie a Paolo Frugoni che me lo ha consigliato. Bolla da cercare e consumare.<\/p>\n<p>Etyssa di\u00a0Malcolm Salvadori\u00a0Federico Simoni\u00a0&#8211; Trentodoc Extrabrut Cuv\u00e9e 10, fantastico il nuovo Lanciatesa, ma sono fedele alla numerazione, scegliere il 10 \u00e8 come darvi un 10 a voi, alla vostra bravura.<\/p>\n<p>Cantina DORIGATI\u00a0di\u00a0Michele Dorigati\u00a0Paolo Dorigati\u00a0&#8211; Methius Brut 2020 Riserva Metodo Classico, \u00e8 lui, \u00e8 un mio grande amore che non finir\u00e0 mai. Piacevole e forte da subito.<\/p>\n<p>Villa Corniole\u00a0di\u00a0Maddalena Nardin\u00a0Sabina Pellegrini\u00a0Linda Pellegrini\u00a0&#8211; Sal\u00ecsa Trentodoc Ros\u00e9 Extra Brut Millesimato 2021, la forza di un rosso, la bolla di un ottimo spumante.<\/p>\n<p>REV\u00cc Trentodoc\u00a0di\u00a0Giacomo Malfer\u00a0&#8211; Palladino Trentodoc Brut Riserva 2020, tra una batteria entusiasmante, oggi ho scelto lui per la botta di emozioni che mi ha trasmesso.<\/p>\n<p>Azienda Agricola Criolin\u00a0&#8211; BarbaLeandro Moscato d\u2019Asti DOCG 2021, davanti lui in un\u2019annata ancora pi\u00f9 convincente, dietro un Nebbiolo che far\u00e0 parlare di s\u00e9. A me \u00e8 piaciuto tanto. Quanto sei bello caro BarbaLeandro insieme a questi ottimi spumanti.<\/p>\n<p>P.S. Come sempre troppe cravatte. Il mio telefonino si \u00e8 rifiutato di fare ci\u00f2 che \u00e8 stato messo all\u2019entrata del Vinitaly. Una cosa molto bella riscontrata tra i produttori\/trici tanta, gioia, tanta forza per ci\u00f2 che fanno, la crisi? Forse scelgo quelli giusti e loro sono ottimisti ASSAI!<\/p>\n<p>Andiamo alla <a href=\"https:\/\/www.facebook.com\/photo\/?fbid=10237211629621686&amp;set=a.10236931169490358\">foto n. 263<\/a>:<\/p>\n<div id='gallery-20' class='gallery galleryid-6074 gallery-columns-3 gallery-size-medium'><figure class='gallery-item'>\n\t\t\t<div class='gallery-icon landscape'>\n\t\t\t\t<a href='https:\/\/www.ilgourmeterrante.it\/newsite\/wp-content\/uploads\/2026\/08\/18-1.jpg'><img loading=\"lazy\" decoding=\"async\" width=\"300\" height=\"300\" src=\"https:\/\/www.ilgourmeterrante.it\/newsite\/wp-content\/uploads\/2026\/08\/18-1-300x300.jpg\" class=\"attachment-medium size-medium\" alt=\"\" srcset=\"https:\/\/www.ilgourmeterrante.it\/newsite\/wp-content\/uploads\/2026\/08\/18-1-300x300.jpg 300w, https:\/\/www.ilgourmeterrante.it\/newsite\/wp-content\/uploads\/2026\/08\/18-1-1024x1024.jpg 1024w, https:\/\/www.ilgourmeterrante.it\/newsite\/wp-content\/uploads\/2026\/08\/18-1-150x150.jpg 150w, https:\/\/www.ilgourmeterrante.it\/newsite\/wp-content\/uploads\/2026\/08\/18-1-768x768.jpg 768w, https:\/\/www.ilgourmeterrante.it\/newsite\/wp-content\/uploads\/2026\/08\/18-1.jpg 1440w\" sizes=\"(max-width: 300px) 100vw, 300px\" title=\"\" \/><\/a>\n\t\t\t<\/div><\/figure>\n\t\t<\/div>\n\n<p>Ecco i secondi 6:<br \/>\nPodere Sabbioni\u00a0&#8211; Ribona della Famiglia Colli Maceratesi DOC da uve maceratino 100%, un vino con cui sempre critico ma poi mi piace sempre di pi\u00f9.<\/p>\n<p>Castelfeder Winery\u00a0di\u00a0Ines Giovanett\u00a0&#8211; Kreuzweg Chardonnay Riserva Sudtirol Alto Adige DOC 2022, una bomba di gran qualit\u00e0. Venite a noi Chardonnay del mondo siamo pronti a sfidarvi.<\/p>\n<p>Cantina Tollo\u00a0&#8211; Pecorino Abruzzo DOP 2022, le chicche che possono nascere dalle cantine sociali e qui \u00e8 nato un pecorino buonissimo.<\/p>\n<p>Cataldi Madonna &#8211; Vini concettuali\u00a0CataldiMadonna Vini\u00a0Giulia CataldiMadonna\u00a0&#8211; Frontone 2009 Pecorino IGT Alto Tirino, a ricordo di una serata diventata notte fonda, a ricordo del professore, uomo, filosofo, amico sapiente. Un abbraccio grande a Giulia.<\/p>\n<p>Cantina Valdangius\u00a0di\u00a0Danilo Antonelli\u00a0&#8211; Filium Spoleto DOC Trebbiano Spoletino 2023, ma che spettacolo \u00e8! Il legno mi ci piace pure perch\u00e9 \u00e8 diventato un ottimo Trebbiano Spoletino.<\/p>\n<p>Simon di Brazzan\u00a0&#8211; Friulano 2020 Friuli DOC, orange per modo di dire, orange friulano, orange che sanno fare e questo \u00e8 fatto bene ASSAI!<\/p>\n<p>Nella <a href=\"https:\/\/www.facebook.com\/photo\/?fbid=10237235537099358&amp;set=a.10236931169490358\">foto n. 266<\/a>:<\/p>\n<div id='gallery-21' class='gallery galleryid-6074 gallery-columns-3 gallery-size-medium'><figure class='gallery-item'>\n\t\t\t<div class='gallery-icon landscape'>\n\t\t\t\t<a href='https:\/\/www.ilgourmeterrante.it\/newsite\/wp-content\/uploads\/2026\/08\/19-1.jpg'><img loading=\"lazy\" decoding=\"async\" width=\"300\" height=\"300\" src=\"https:\/\/www.ilgourmeterrante.it\/newsite\/wp-content\/uploads\/2026\/08\/19-1-300x300.jpg\" class=\"attachment-medium size-medium\" alt=\"\" srcset=\"https:\/\/www.ilgourmeterrante.it\/newsite\/wp-content\/uploads\/2026\/08\/19-1-300x300.jpg 300w, https:\/\/www.ilgourmeterrante.it\/newsite\/wp-content\/uploads\/2026\/08\/19-1-1024x1024.jpg 1024w, https:\/\/www.ilgourmeterrante.it\/newsite\/wp-content\/uploads\/2026\/08\/19-1-150x150.jpg 150w, https:\/\/www.ilgourmeterrante.it\/newsite\/wp-content\/uploads\/2026\/08\/19-1-768x768.jpg 768w, https:\/\/www.ilgourmeterrante.it\/newsite\/wp-content\/uploads\/2026\/08\/19-1.jpg 1440w\" sizes=\"(max-width: 300px) 100vw, 300px\" title=\"\" \/><\/a>\n\t\t\t<\/div><\/figure>\n\t\t<\/div>\n\n<p>Ecco gli ultimi 9:<br \/>\nCantina Francesco Cadinu\u00a0Francesco Cadinu Mamoiada\u00a0&#8211; Tziu Simone Barbagia IGT Rosato 2025, questo rosato \u00e8 da sempre nelle mie corde, aspettando i grandi rossi, mi godo lui.<\/p>\n<p>Giovanni Manzone\u00a0Mauro Manzone\u00a0&#8211; Barolo Castelletto DOCG 2021, non me ne voglia il Gramolere, oggi era troppo pi\u00f9 buono il Castelletto.<\/p>\n<p>Sanlorenzo\u00a0Luciano Ciolfi\u00a0&#8211; il Montalcino di Luciano Ciolfi \u00e8 unico, sono unici i suoi vigneti, sono unici i suoi vini, ndo coi coi coi bene.<\/p>\n<p>Pietroso\u00a0Cecilia Brandini\u00a0Cecilia Brandini\u00a0Andrea Pignattai\u00a0Gloria Pignattai\u00a0&#8211; Brunello di Montalcino DOCG 2021, davanti lui impeccabile, dietro due vini 2022 eccellenti, insomma qui \u00e8 tutto BONO ASSAI\u2026 ASSAI!<\/p>\n<p>Az. Agr. Ventolaio\u00a0Maria Assunta Perugini\u00a0Ludovica Borgna\u00a0Manuele Fanti\u00a0Baldassarre Fanti\u00a0&#8211; Brunello di Montalcino DOCG 2021, tra i migliori in assoluto, sar\u00f2 di parte? Pensatelo ma sono il loro primo critico.<\/p>\n<p>Cantina Antonella Corda\u00a0Antonella Corda- Cannonau di Sardegna DOC 2024, vedere il tuo viso felice, orgoglioso per il tuo Cannonau gi\u00e0 buonissimo mi ha fatto piacere.<\/p>\n<p>Maccario Dringenberg\u00a0Giovanna Maccario\u00a0&#8211; Dolceacqua DOC Pini 2024, quando i tuoi vini sono cos\u00ec, sempre, c\u2019\u00e8 soltanto da farti un grande applauso.<\/p>\n<p>Tenuta del Conte &#8211; vino Cir\u00f2 DOC artigianale\u00a0Mariangela Parrilla\u00a0Marinella Iozzi\u00a0Giuseppe Parrilla\u00a0&#8211; Cir\u00f2 DOC Rosso Classico 2024, freschezza, bont\u00e0, da bere tutto in un sorso abbondate. Piacere grande.<\/p>\n<p>Cantina Palladino\u00a0La Vero\u00a0&#8211; Barolo Riserva DOCG San Bernardo 2020, ci ho messo un po\u2019 a decidere, alla fine ha vinto l\u2019ottima bevibilit\u00e0 di oggi, pi\u00f9 degli altri due capolavori.<\/p>\n<p>Si finisce con la<a href=\"https:\/\/www.facebook.com\/photo\/?fbid=10237274115703799&amp;set=a.10236931169490358\"> foto n. 268<\/a>:<\/p>\n<p>Il terzo giorno come sempre \u00e8 bello partecipare a una degustazione in Abruzzo, quest\u2019anno lo \u00e8 stato ancora di pi\u00f9 perch\u00e9 era dedicata a un grande uomo del vino che ci ha lasciato. Luigi Cataldi Madonna detto \u201cil professore\u201d \u00e8 stata una figura importante per il vino italiano, bellissimo, emozionante ricordarlo con quel vulcano di donna che \u00e8 la sua figlia, grazie a Giulia Cataldi Madonna per le grandi emozioni provate.<\/p>\n<div id='gallery-22' class='gallery galleryid-6074 gallery-columns-3 gallery-size-medium'><figure class='gallery-item'>\n\t\t\t<div class='gallery-icon portrait'>\n\t\t\t\t<a href='https:\/\/www.ilgourmeterrante.it\/newsite\/wp-content\/uploads\/2026\/08\/32-1.jpg'><img loading=\"lazy\" decoding=\"async\" width=\"225\" height=\"300\" src=\"https:\/\/www.ilgourmeterrante.it\/newsite\/wp-content\/uploads\/2026\/08\/32-1-225x300.jpg\" class=\"attachment-medium size-medium\" alt=\"\" srcset=\"https:\/\/www.ilgourmeterrante.it\/newsite\/wp-content\/uploads\/2026\/08\/32-1-225x300.jpg 225w, https:\/\/www.ilgourmeterrante.it\/newsite\/wp-content\/uploads\/2026\/08\/32-1.jpg 720w\" sizes=\"(max-width: 225px) 100vw, 225px\" title=\"\" \/><\/a>\n\t\t\t<\/div><\/figure><figure class='gallery-item'>\n\t\t\t<div class='gallery-icon landscape'>\n\t\t\t\t<a href='https:\/\/www.ilgourmeterrante.it\/newsite\/wp-content\/uploads\/2026\/08\/33-1.jpg'><img loading=\"lazy\" decoding=\"async\" width=\"300\" height=\"225\" src=\"https:\/\/www.ilgourmeterrante.it\/newsite\/wp-content\/uploads\/2026\/08\/33-1-300x225.jpg\" class=\"attachment-medium size-medium\" alt=\"\" srcset=\"https:\/\/www.ilgourmeterrante.it\/newsite\/wp-content\/uploads\/2026\/08\/33-1-300x225.jpg 300w, https:\/\/www.ilgourmeterrante.it\/newsite\/wp-content\/uploads\/2026\/08\/33-1-1024x768.jpg 1024w, https:\/\/www.ilgourmeterrante.it\/newsite\/wp-content\/uploads\/2026\/08\/33-1-768x576.jpg 768w, https:\/\/www.ilgourmeterrante.it\/newsite\/wp-content\/uploads\/2026\/08\/33-1-1536x1152.jpg 1536w, https:\/\/www.ilgourmeterrante.it\/newsite\/wp-content\/uploads\/2026\/08\/33-1-320x240.jpg 320w, https:\/\/www.ilgourmeterrante.it\/newsite\/wp-content\/uploads\/2026\/08\/33-1.jpg 2048w\" sizes=\"(max-width: 300px) 100vw, 300px\" title=\"\" \/><\/a>\n\t\t\t<\/div><\/figure><figure class='gallery-item'>\n\t\t\t<div class='gallery-icon landscape'>\n\t\t\t\t<a href='https:\/\/www.ilgourmeterrante.it\/newsite\/wp-content\/uploads\/2026\/08\/34-1.jpg'><img loading=\"lazy\" decoding=\"async\" width=\"300\" height=\"300\" src=\"https:\/\/www.ilgourmeterrante.it\/newsite\/wp-content\/uploads\/2026\/08\/34-1-300x300.jpg\" class=\"attachment-medium size-medium\" alt=\"\" srcset=\"https:\/\/www.ilgourmeterrante.it\/newsite\/wp-content\/uploads\/2026\/08\/34-1-300x300.jpg 300w, https:\/\/www.ilgourmeterrante.it\/newsite\/wp-content\/uploads\/2026\/08\/34-1-1024x1024.jpg 1024w, https:\/\/www.ilgourmeterrante.it\/newsite\/wp-content\/uploads\/2026\/08\/34-1-150x150.jpg 150w, https:\/\/www.ilgourmeterrante.it\/newsite\/wp-content\/uploads\/2026\/08\/34-1-768x768.jpg 768w, https:\/\/www.ilgourmeterrante.it\/newsite\/wp-content\/uploads\/2026\/08\/34-1-1536x1536.jpg 1536w, https:\/\/www.ilgourmeterrante.it\/newsite\/wp-content\/uploads\/2026\/08\/34-1.jpg 2048w\" sizes=\"(max-width: 300px) 100vw, 300px\" title=\"\" \/><\/a>\n\t\t\t<\/div><\/figure><figure class='gallery-item'>\n\t\t\t<div class='gallery-icon landscape'>\n\t\t\t\t<a href='https:\/\/www.ilgourmeterrante.it\/newsite\/wp-content\/uploads\/2026\/08\/35-1.jpg'><img loading=\"lazy\" decoding=\"async\" width=\"300\" height=\"225\" src=\"https:\/\/www.ilgourmeterrante.it\/newsite\/wp-content\/uploads\/2026\/08\/35-1-300x225.jpg\" class=\"attachment-medium size-medium\" alt=\"\" srcset=\"https:\/\/www.ilgourmeterrante.it\/newsite\/wp-content\/uploads\/2026\/08\/35-1-300x225.jpg 300w, https:\/\/www.ilgourmeterrante.it\/newsite\/wp-content\/uploads\/2026\/08\/35-1-768x576.jpg 768w, https:\/\/www.ilgourmeterrante.it\/newsite\/wp-content\/uploads\/2026\/08\/35-1-320x240.jpg 320w, https:\/\/www.ilgourmeterrante.it\/newsite\/wp-content\/uploads\/2026\/08\/35-1.jpg 960w\" sizes=\"(max-width: 300px) 100vw, 300px\" title=\"\" \/><\/a>\n\t\t\t<\/div><\/figure><figure class='gallery-item'>\n\t\t\t<div class='gallery-icon landscape'>\n\t\t\t\t<a href='https:\/\/www.ilgourmeterrante.it\/newsite\/wp-content\/uploads\/2026\/08\/36-1.jpg'><img loading=\"lazy\" decoding=\"async\" width=\"300\" height=\"225\" src=\"https:\/\/www.ilgourmeterrante.it\/newsite\/wp-content\/uploads\/2026\/08\/36-1-300x225.jpg\" class=\"attachment-medium size-medium\" alt=\"\" srcset=\"https:\/\/www.ilgourmeterrante.it\/newsite\/wp-content\/uploads\/2026\/08\/36-1-300x225.jpg 300w, https:\/\/www.ilgourmeterrante.it\/newsite\/wp-content\/uploads\/2026\/08\/36-1-1024x768.jpg 1024w, https:\/\/www.ilgourmeterrante.it\/newsite\/wp-content\/uploads\/2026\/08\/36-1-768x576.jpg 768w, https:\/\/www.ilgourmeterrante.it\/newsite\/wp-content\/uploads\/2026\/08\/36-1-1536x1152.jpg 1536w, https:\/\/www.ilgourmeterrante.it\/newsite\/wp-content\/uploads\/2026\/08\/36-1-320x240.jpg 320w, https:\/\/www.ilgourmeterrante.it\/newsite\/wp-content\/uploads\/2026\/08\/36-1.jpg 2048w\" sizes=\"(max-width: 300px) 100vw, 300px\" title=\"\" \/><\/a>\n\t\t\t<\/div><\/figure>\n\t\t<\/div>\n\n<p>Quarto giorno di Vinitaly dove mi rendo conto che \u00e8 stato impossibile fare tutte le aziende che mi ero segnato, ho perso anche i miei appunti dentro alla bellissima pochette che portavo da anni.<\/p>\n<p>Nel quarto giorno sono entrato alle 8,45, l\u2019anno prossimo sar\u00e0 sempre cos\u00ec, andando su e gi\u00f9 per stand e padiglioni ho incontrato persone che rendono questo mondo sempre pi\u00f9 bello, ho degustato circa 100 vini, di questi me ne sono piaciuti in modo particolare 14.<br \/>\nSono 2 spumanti, 6 vini bianchi e 6 vini rossi.<\/p>\n<p>Ecco i primi 8:<\/p>\n<div id='gallery-23' class='gallery galleryid-6074 gallery-columns-3 gallery-size-medium'><figure class='gallery-item'>\n\t\t\t<div class='gallery-icon landscape'>\n\t\t\t\t<a href='https:\/\/www.ilgourmeterrante.it\/newsite\/wp-content\/uploads\/2026\/08\/20-1.jpg'><img loading=\"lazy\" decoding=\"async\" width=\"300\" height=\"300\" src=\"https:\/\/www.ilgourmeterrante.it\/newsite\/wp-content\/uploads\/2026\/08\/20-1-300x300.jpg\" class=\"attachment-medium size-medium\" alt=\"\" srcset=\"https:\/\/www.ilgourmeterrante.it\/newsite\/wp-content\/uploads\/2026\/08\/20-1-300x300.jpg 300w, https:\/\/www.ilgourmeterrante.it\/newsite\/wp-content\/uploads\/2026\/08\/20-1-1024x1024.jpg 1024w, https:\/\/www.ilgourmeterrante.it\/newsite\/wp-content\/uploads\/2026\/08\/20-1-150x150.jpg 150w, https:\/\/www.ilgourmeterrante.it\/newsite\/wp-content\/uploads\/2026\/08\/20-1-768x768.jpg 768w, https:\/\/www.ilgourmeterrante.it\/newsite\/wp-content\/uploads\/2026\/08\/20-1.jpg 1440w\" sizes=\"(max-width: 300px) 100vw, 300px\" title=\"\" \/><\/a>\n\t\t\t<\/div><\/figure>\n\t\t<\/div>\n\n<p>Fongaro Spumanti Metodo Classico\u00a0&#8211; Nera Brut Metodo Classico 2016, nonostante gli anni \u00e8 pieno di grinta e giovent\u00f9, uno spumante da Durella super buono.<\/p>\n<p>Le Manzane\u00a0Silvana Ceschin\u00a0Ernesto Balbinot\u00a0Anna Balbinot\u00a0&#8211; Springo Green Conegliano Prosecco Superiore Sui Lieviti DOCG, saranno state le 9,00 del mattino, sar\u00e0 stato l\u2019ultimo giorno ed ero pieno di entusiasmo, ma questo spumante \u00e8 andato gi\u00f9 di netto, sorprendendomi assai.<\/p>\n<p>Vignamato\u00a0Maurizio Ceci\u00a0Francesco Ceci\u00a0&#8211; Amato Vino Bianco 2021, poche bottiglie per qualcosa che rester\u00e0 impressa nel palato, nel gusto di bere un vino davvero notevole.<\/p>\n<p>Andrea Felici Winery\u00a0Leopardo Felici\u00a0&#8211; Cantico della Figura Castello di Jesi Verdicchio Riserva Classico DOCG 2021, un capolavoro vero, grande, niente male nemmeno il Classico Superiore 2025, annata stupenda.<\/p>\n<p>Cantina Santa Barbara\u00a0Stefano Antonucci\u00a0Moreno Gasparrini\u00a0&#8211; Moss Blanc Verdicchio dei Castelli di Jesi Classico Superiore 2023, quando Stefano vuole sfidare il mondo ci riesce emozionando. Da risentire ogni volta che si pu\u00f2.<\/p>\n<p>Lis Neris\u00a0Alvaro Pecorari\u00a0Federica Pecorari\u00a0&#8211; Unico Jurosa 2019, stesso discorso di sopra, quando ottime aziende vogliono fare qualcosa di speciale ci riescono benissimo. Ecco questo vino \u00e8 favoloso.<\/p>\n<p>K\u00f6fererhof &#8211; Sylvaner R Alto Adige Valle D\u2019Isarco DOC 2024, un vino che mi \u00e8 sempre piaciuto, anche in quest\u2019annata si dimostra all\u2019altezza del mio gran piacere.<\/p>\n<p>Markus Prackwieser\u00a0Gump Hof &#8211; Prackwieser Markus\u00a0&#8211; Alto Adige DOC Sauvignon Blanc Riserva Renaissance 2022, un Sauvignon che pu\u00f2 sfidare tutti i vini al mondo prodotti con questo vitigno, sicuramente senza sfigurare, anzi arrivando sempre al primo posto. Orgoglio nazionale.<\/p>\n<p>L\u2019ultima <a href=\"https:\/\/www.facebook.com\/photo\/?fbid=10237286756939822&amp;set=a.10236931169490358\">foto \u00e8 la n. 269<\/a>:<\/p>\n<div id='gallery-24' class='gallery galleryid-6074 gallery-columns-3 gallery-size-medium'><figure class='gallery-item'>\n\t\t\t<div class='gallery-icon landscape'>\n\t\t\t\t<a href='https:\/\/www.ilgourmeterrante.it\/newsite\/wp-content\/uploads\/2026\/08\/21-1.jpg'><img loading=\"lazy\" decoding=\"async\" width=\"300\" height=\"300\" src=\"https:\/\/www.ilgourmeterrante.it\/newsite\/wp-content\/uploads\/2026\/08\/21-1-300x300.jpg\" class=\"attachment-medium size-medium\" alt=\"\" srcset=\"https:\/\/www.ilgourmeterrante.it\/newsite\/wp-content\/uploads\/2026\/08\/21-1-300x300.jpg 300w, https:\/\/www.ilgourmeterrante.it\/newsite\/wp-content\/uploads\/2026\/08\/21-1-1024x1024.jpg 1024w, https:\/\/www.ilgourmeterrante.it\/newsite\/wp-content\/uploads\/2026\/08\/21-1-150x150.jpg 150w, https:\/\/www.ilgourmeterrante.it\/newsite\/wp-content\/uploads\/2026\/08\/21-1-768x768.jpg 768w, https:\/\/www.ilgourmeterrante.it\/newsite\/wp-content\/uploads\/2026\/08\/21-1.jpg 1440w\" sizes=\"(max-width: 300px) 100vw, 300px\" title=\"\" \/><\/a>\n\t\t\t<\/div><\/figure>\n\t\t<\/div>\n\n<p>Ecco i secondi 6:<br \/>\nGini &#8211; Viticoltori dal 1600\u00a0Barbara Gini\u00a0&#8211; Campo alle More Pinot Nero Veneto IGT 2021, dietro alla foto ci sono i grandi vini bianchi di questa azienda, questa volta ho scelto il loro Pinot Nero, un vero spettacolo del piacere. Sorprendete.<\/p>\n<p>Umani Ronchi\u00a0con\u00a0Monica Ippoliti\u00a0Valentina Ceracchi\u00a0&#8211; Campo San Giorgio Conero Riserva DOCG 2020, mi ero fermato per salutare due donne simpatiche e belle, poi era molto presto, si \u00e8 degustato. Ogni volta che mi arriva al bicchiere il Campo San Giorgio mi prende la voglia di berlo restandone sempre conquistato.<\/p>\n<p>Gianfranco Alessandria di\u00a0Marta Alessandria\u00a0&#8211; Barolo DOCG enPias\u00ec 2020, \u00e8 per pochi, io ho avuto il piacere di degustarlo, berlo durante un fantastico Vinitaly, un\u2019eccellenza del Barolo tutto.<\/p>\n<p>Elio Altare di\u00a0Silvia Altare\u00a0Elena Altare\u00a0&#8211; Larigi Langhe DOC Rosso 2023, oltre il piacere di ritrovare Silvia Altare c\u2019\u00e8 stata la scoperta di questo ottimo box &#8211; Altare e Gianfranco Alessandria, da queste sue aziende ho scelto due vini ottimi ASSAI!<\/p>\n<p>Haderburg\u00a0di\u00a0Alois Ochsenreiter\u00a0Alois Ochsenreiter\u00a0Hannes Ochsenreiter\u00a0&#8211; Vigna Hausmannhof S\u00fcdtiroler Blauburgunder DOC 2020, non me ne vogliano i fantastici spumanti di questa azienda, questa volta ho scelto lui, \u00e8 buonissimo, complimenti grandi a tutta la famiglia di Alois Ochsenreiter per questo ottimo Pinot Nero.<\/p>\n<p>Ansitz Waldgries\u00a0Christian Plattner &#8211; Roblinus Sudtirol DOC Lagrein 2022, ormai \u00e8 sempre pi\u00f9 una conferma a farmi dire che \u00e8 uno dei Lagrein pi\u00f9 buoni in Alto Adige.<\/p>\n<p>Il gran finale come detto nella mia regione dove Roma \u00e8 capitale, queste foto rispecchiano l\u2019ottimismo che ho io verso i vini del Lazio\u2026 non su tutti.<\/p>\n<p>All\u2019anno prossimo, io sto contando i giorni, ne mancano circa 230\u2026 il Vinitaly \u00e8 vivo e ci si pensa durante tutto l\u2019anno.<\/p>\n","protected":false},"excerpt":{"rendered":"<p>Vinitaly Verona 2026 58 Edizione 12 &#8211; 15 Aprile 2026 Verona www.vinitaly.com www.veronafiere.it www.ilgourmeterrante.it www.vinointorno.it www.codivin.com www.iziliquori.it Dopo quattro mesi circa dal Vinitaly 2026 eccomi a pubblicare il mio scritto, ne mancano otto al prossimo \u2013 11-14 aprile 2027, questo mi fa pensare che il Vinitaly \u00e8 sempre di attualit\u00e0, sempre vivo. Io mi sto gi\u00e0 organizzando per il prossimo. Voglio parlare dell\u2019evento principalmente con l\u2019album di facebook e le didascalie allegate alle 274 foto pi\u00f9 4 filmini. La frase che ho ripetuto spesso quest\u2019anno \u00e8 stata: \u201cun Vinitaly che mi piace sempre tanto\u2026 al Vinitaly si possono fare tantissime cose\u2026 basta esserci.\u201d Un mio pensiero sempre pi\u00f9 frequente non solo per Il Vinitaly ma per gli eventi a cui partecipo \u00e8 sempre pi\u00f9 un salutare le aziende con cui ci sono amico, ma \u00e8 anche scoprire cantine nuove. Durante questi eventi non \u00e8 solo degustare vini o mangiare, \u00e8 incontrare i produttori, gli amici, salutarsi in un rito piacevolissimo, con alcuni scatta la foto, con altri si dimentica di farla, viene quasi la voglia di tornare indietro. Poi per\u00f2 il tempo vola e alla sera prendo le foto con le persone con cui l\u2019ho fatta. Sono persone che conosco da anni, altre un po\u2019 pi\u00f9 recenti, ma tutte hanno lasciato sempre emozioni, sorrisi, consapevolezza che il mondo del vino, del cibo \u00e8 fatto di tanta umanit\u00e0. \u00c8 cultura, \u00e8 turismo, \u00e8 il godere di cose buone, ottime, ottime assai. Le composizione relative a ci\u00f2 sono dodici, inizio dalla prima foto n. 261, per arrivare alla foto n. 265, segue la foto n. 267, la foto n. 270, la foto n. 271, la foto 272, foto n. 273, foto n. 274, foto n. 275, foto n. 276, la penultima foto \u00e8 la foto n. 277 a chiudere la foto n. 278. Un mio detto \u00e8: \u2026tutto nelle vita non si pu\u00f2 fare\u2026 al Vinitaly riesco a fare circa il 50% delle cose che mi sono ripromesso. Il tempo vola e alla fine ti rendi conto di essere in colpa con diverse aziende, addirittura con intere regioni. Quattro giorni intensi dalle 9,00 a chiusura, anche oltre, con il gran finale nel padiglione della mia regione con brindisi e con tante foto. Altre foto a cui tengo in maniera particolare sono le composizione dei miei migliori assaggi giorno per giorno. Il primo giorno \u00e8 raccolto nella foto n. 258: Primo giorno di Vinitaly dove mi rendo conto che sar\u00e0 impossibile fare tutte le aziende che mi ero segnato, ho perso anche i miei appunti dentro alla bellissima pochette che portavo da anni. Nel primo giorno andando su e gi\u00f9 per stand e padiglioni ho incontrato persone che rendono questo mondo sempre pi\u00f9 bello, ho degustato circa 100 vini, di queste me ne sono piaciuti in modo particolare 12, uno \u00e8 stato abbinato a dell\u2019ottimo cibo. Ecco i primi 6: Benito Ferrara\u00a0di\u00a0Gabriella Ferrara\u00a0&#8211; Vigna Cicogna Greco di Tufo DOCG 2025, un vino che mi piace da sempre, in quest\u2019annata \u00e8 notevole. Rocca del Principe\u00a0di\u00a0Aurelia Fabrizio\u00a0Ercole Zarrella\u00a0Simona Zarrella,\u00a0Mariarita Zarrella\u00a0&#8211; Fiano di Avellino Versante D\u2019Ercole DOCG 2024, un super Fiano in compagnia di un fantastico 2011. Cantine Marisa Cuomo\u00a0Marisa Cuomo Furore\u00a0Andrea Ferraioli\u00a0Dorotea Dora Ferraioli\u00a0Raffaele Ferraioli\u00a0&#8211; Fiorduva DOC Furore Bianco 2024, il Fiorduva \u00e8 ancora pi\u00f9 buono ed elegante nella sua nuova etichetta. Complimenti grandi alla famiglia Ferraioli. Antonio Mazzella\u00a0Nicola Mazzella\u00a0&#8211; Vigna del Lume Ischia Biancolella DOC 2024, aspettando ancora un po\u2019 una super 2025, godiamoci la 2024 e la 2023. Laura De Vito\u00a0&#8211; Verzare Fiano di Avellino DOCG 2023, tra i tre Cru dell\u2019azienda, tutti potevano andare tra i migliori, oggi ho scelto lui perch\u00e9 \u00e8 il pi\u00f9 in forma. Az.vinicola Villa Diamante\u00a0Diamante Maria Renna\u00a0Diamante Dee Gaita\u00a0Francesca Gaggioli\u00a0&#8211; Vecchie Vigne Campania IGT 2020, quando un grande Fiano pu\u00f2 farti godere per anni e anni ancora. Contento ASSAI per tutto ci\u00f2 che piace in questa azienda. P.S. Ammazza quante cravatte. Il mio telefonino si \u00e8 rifiutato di fare ci\u00f2 che \u00e8 stato messo all\u2019entrata del Vinitaly. La seconda foto \u00e8 la n. 259: Cantine I FAVATI\u00a0Rosanna Petrozziello\u00a0Favati Giancarlo\u00a0Carla Giusy Favati\u00a0&#8211; un vino arriver\u00e0 e sar\u00e0 una gran bomba di qualit\u00e0, bont\u00e0. Complimenti immensi a I Favati tutti. Di Meo Vini\u00a0Roberto Di Meo\u00a0Paola Vitale\u00a0&#8211; Fiano di Avellino DOCG 2022, un gran Fiano di qualit\u00e0 eccelsa con al fianco ci\u00f2 che questo vitigno pu\u00f2 dare come questo spettacolare 1993. Colli di Lapio Clelia Romano Carmela Cieri Federico Cieri &#8211; Fiano DOCG 2025, per lui bisogna aspettare ancora un po\u2019, per\u00f2 iniziatelo a prenotare, \u00e8 strabuono ASSAI, godiamoci ancora questo super 2022. Damiano Ciolli\u00a0&#8211; Olevano Romano Cesanese DOC Riserva 2022, sei Riserva, eri Cirsium, sarai un altro nome a breve, ma so che sei sempre di pi\u00f9 un orgoglio del mio paesello. Cantine Olivella\u00a0&#8211; VIPT Vesuvio Piedirosso DOP 2024, lo iniziate a capire che questo vulcano, questa terra pu\u00f2 portare a vini rossi pieni di freschezza e goduria, ecco questo \u00e8 cos\u00ec, senza togliere nulla a fantastici bianchi che producete \u00e8 un rosato super. Terrescure\u00a0&#8211; 260 Bernardeschi Governo all\u2019uso Toscano IGT 2024, sar\u00e0 stato l\u2019abbinamento con le ottime bruschette di\u00a0Alessandro Pierangioli\u00a0della\u00a0La Vecchia Nicchia\u00a0a San Gimignano, sar\u00e0 stato la presenza di una ragazza molto bella, sar\u00e0 stato che sto vino \u00e8 molto piacevole e bravo Marco. Il primo giorno ho partecipato, grazie al Gambero Rosso a un\u2019eccellente verticale del Voberg della Cantina Cooperativa Terlano, dieci anni tutte in perfetta forma, d\u2019altronde da sempre questo \u00e8 un vino che a fatto la storia dell\u2019Alto Adige, dell\u2019Italia tutta. Siamo al secondo giorno alla foto n. 260: Secondo giorno di Vinitaly dove mi rendo conto che sar\u00e0 impossibile fare tutte le aziende che mi ero segnato, ho perso anche i miei appunti dentro alla bellissima pochette che portavo da anni. Nel secondo giorno andando su e gi\u00f9 per stand e padiglioni ho incontrato persone che rendono questo mondo sempre pi\u00f9 bello, ho degustato circa 90 vini, di queste me ne sono piaciuti in modo particolare 9. Sono 4 vini bianchi, 4 vini rossi e un Vin Santo. Il Colombaio Di Santa Chiara\u00a0Stefano<\/p>\n","protected":false},"author":2,"featured_media":6075,"comment_status":"open","ping_status":"open","sticky":false,"template":"","format":"gallery","meta":{"_rtcl_gb_attr":"","_jetpack_memberships_contains_paid_content":false,"footnotes":""},"categories":[19,17,40],"tags":[23410,23445,23455,23402,23437,23426,23414,23399,23421,23438,23423,23433,23441,23446,23429,23431,3732,23401,23408,3936,3938,23428,23430,23406,23417,23420,23407,23405,23453,23422,23442,8204,23416,23452,23450,23434,23454,22972,23412,23448,23304,23403,23443,23413,23447,23439,23449,23436,23419,23427,23425,23400,23418,23435,23432,23440,23415,23409,23451,19560,23444,23424,23404,21286,21285,23411],"class_list":["post-6074","post","type-post","status-publish","format-gallery","has-post-thumbnail","hentry","category-eventi","category-note-di-degustazione","category-prodotti-produttori","tag-alessandro-pierangioli-della-la-vecchia-nicchia-a-san-gimignano","tag-andrea-felici-winery-leopardo-felici-cantico-della-figura-castello-di-jesi-verdicchio-riserva-classico-docg-2021","tag-ansitz-waldgries-christian-plattner-roblinus-sudtirol-doc-lagrein-2022","tag-antonio-mazzella-nicola-mazzella-vigna-del-lume-ischia-biancolella-doc-2024","tag-az-agr-ventolaio-maria-assunta-perugini-ludovica-borgna-manuele-fanti-baldassarre-fanti-brunello-di-montalcino-docg-2021","tag-azienda-agricola-criolin-barbaleandro-moscato-dasti-docg-2021","tag-azienda-agricola-feudi-spada-alessandro-leoni-monte-alfina-igt-umbria","tag-benito-ferrara-di-gabriella-ferrara-vigna-cicogna-greco-di-tufo-docg-2025","tag-ca-rovere-metodo-classico-pinot-nero-extra-brut-blanc-de-noirs-millesimato-2022","tag-cantina-antonella-corda-antonella-corda-cannonau-di-sardegna-doc-2024","tag-cantina-dorigati-di-michele-dorigati-paolo-dorigati-methius-brut-2020-riserva-metodo-classico","tag-cantina-francesco-cadinu-francesco-cadinu-mamoiada-tziu-simone-barbagia-igt-rosato-2025","tag-cantina-palladino-la-vero-barolo-riserva-docg-san-bernardo-2020","tag-cantina-santa-barbara-stefano-antonucci-moreno-gasparrini-moss-blanc-verdicchio-dei-castelli-di-jesi-classico-superiore-2023","tag-cantina-tollo-pecorino-abruzzo-dop-2022","tag-cantina-valdangius-di-danilo-antonelli-filium-spoleto-doc-trebbiano-spoletino-2023","tag-cantine-i-favati","tag-cantine-marisa-cuomo-fiorduva-doc-furore-bianco-2024","tag-cantine-olivella-vipt-vesuvio-piedirosso-dop-2024","tag-carlo-zucchetti","tag-carlo-zucchetti-il-giornale-enogastronomico-con-il-cappello","tag-castelfeder-winery-di-ines-giovanett-kreuzweg-chardonnay-riserva-sudtirol-alto-adige-doc-2022","tag-cataldi-madonna-vini-concettuali-cataldimadonna-vini-giulia-cataldimadonna-frontone-2009-pecorino-igt-alto-tirino","tag-colli-di-lapio-fiano-docg-2025","tag-comm-g-b-burlotto-barolo-docg-2022","tag-conti-capponi-villa-calcinaia-vin-santo","tag-damiano-ciolli-olevano-romano-cesanese-doc-riserva-2022","tag-di-meo-vini-fiano-di-avellino-docg-2022","tag-elio-altare-di-silvia-altare-elena-altare-larigi-langhe-doc-rosso-2023","tag-etyssa-di-malcolm-salvadori-federico-simoni-trentodoc-extrabrut-cuvee-10","tag-fongaro-spumanti-metodo-classico-nera-brut-metodo-classico-2016","tag-gambero-rosso","tag-giacomo-fenocchio-azienda-agricola-fenocchio-claudio-barolo-docg-bussia-90-di-riserva-2019","tag-gianfranco-alessandria-di-marta-alessandria-barolo-docg-enpiasi-2020","tag-gini-viticoltori-dal-1600-barbara-gini-campo-alle-more-pinot-nero-veneto-igt-2021","tag-giovanni-manzone-mauro-manzone-barolo-castelletto-docg-2021","tag-haderburg-di-alois-ochsenreiter-alois-ochsenreiter-hannes-ochsenreiter-vigna-hausmannhof-sudtiroler-blauburgunder-doc-2020","tag-i-luoghi-del-cesanese-2025-2026","tag-il-colombaio-di-santa-chiara-lalbereta-vernaccia-di-san-gimignano-docg-riserva-2023","tag-kofererhof-sylvaner-r-alto-adige-valle-disarco-doc-2024","tag-la-tuscia-del-vino-2026","tag-laura-de-vito-verzare-fiano-di-avellino-docg-2023","tag-le-manzane-silvana-ceschin-ernesto-balbinot-anna-balbinot-springo-green-conegliano-prosecco-superiore-sui-lieviti-docg","tag-leonardo-bussoletti-winery-colle-pizzuto-malvasia-umbria-igt-2024","tag-lis-neris-alvaro-pecorari-federica-pecorari-unico-jurosa-2019","tag-maccario-dringenberg-giovanna-maccario-dolceacqua-doc-pini-2024","tag-markus-prackwieser-gump-hof-prackwieser-markus-alto-adige-doc-sauvignon-blanc-riserva-renaissance-2022","tag-pietroso-cecilia-brandini-cecilia-brandini-andrea-pignattai-gloria-pignattai-brunello-di-montalcino-docg-2021","tag-podere-ema-immersive-winery-enrico-calvelli-sara-cintelli-chianti-superiore-2024","tag-podere-sabbioni-ribona-della-famiglia-colli-maceratesi-doc","tag-revi-trentodoc-di-giacomo-malfer-palladino-trentodoc-brut-riserva-2020","tag-rocca-del-principe-fiano-di-avellino-versante-dercole-docg-2024","tag-san-gregorio-michele-monica-chianti-colli-senesi-docg-2024","tag-sanlorenzo-luciano-ciolfi-il-montalcino-di-luciano-ciolfi","tag-simon-di-brazzan-friulano-2020-friuli-doc","tag-tenuta-del-conte-vino-ciro-doc-artigianale-mariangela-parrilla-marinella-iozzi-giuseppe-parrilla-ciro-doc-rosso-classico-2024","tag-tenuta-le-calcinaie-vigna-ai-sassi-vernaccia-docg-riserva-2023","tag-terrescure-260-bernardeschi-governo-alluso-toscano-igt-2024","tag-umani-ronchi-con-monica-ippoliti-valentina-ceracchi-campo-san-giorgio-conero-riserva-docg-2020","tag-verona","tag-vignamato-maurizio-ceci-francesco-ceci-amato-vino-bianco-2021","tag-villa-corniole-di-maddalena-nardin-sabina-pellegrini-linda-pellegrini-salisa-trentodoc-rose-extra-brut-millesimato-2021","tag-vinicola-villa-diamante-vecchie-vigne-campania-igt-2020","tag-vinitaly-2026","tag-vinitaly-verona-2026","tag-voberg-della-cantina-cooperativa-terlano","post_format-post-format-gallery"],"jetpack_featured_media_url":"https:\/\/www.ilgourmeterrante.it\/newsite\/wp-content\/uploads\/2026\/08\/1-1.jpg","jetpack_sharing_enabled":true,"_links":{"self":[{"href":"https:\/\/www.ilgourmeterrante.it\/newsite\/wp-json\/wp\/v2\/posts\/6074","targetHints":{"allow":["GET"]}}],"collection":[{"href":"https:\/\/www.ilgourmeterrante.it\/newsite\/wp-json\/wp\/v2\/posts"}],"about":[{"href":"https:\/\/www.ilgourmeterrante.it\/newsite\/wp-json\/wp\/v2\/types\/post"}],"author":[{"embeddable":true,"href":"https:\/\/www.ilgourmeterrante.it\/newsite\/wp-json\/wp\/v2\/users\/2"}],"replies":[{"embeddable":true,"href":"https:\/\/www.ilgourmeterrante.it\/newsite\/wp-json\/wp\/v2\/comments?post=6074"}],"version-history":[{"count":4,"href":"https:\/\/www.ilgourmeterrante.it\/newsite\/wp-json\/wp\/v2\/posts\/6074\/revisions"}],"predecessor-version":[{"id":6114,"href":"https:\/\/www.ilgourmeterrante.it\/newsite\/wp-json\/wp\/v2\/posts\/6074\/revisions\/6114"}],"wp:featuredmedia":[{"embeddable":true,"href":"https:\/\/www.ilgourmeterrante.it\/newsite\/wp-json\/wp\/v2\/media\/6075"}],"wp:attachment":[{"href":"https:\/\/www.ilgourmeterrante.it\/newsite\/wp-json\/wp\/v2\/media?parent=6074"}],"wp:term":[{"taxonomy":"category","embeddable":true,"href":"https:\/\/www.ilgourmeterrante.it\/newsite\/wp-json\/wp\/v2\/categories?post=6074"},{"taxonomy":"post_tag","embeddable":true,"href":"https:\/\/www.ilgourmeterrante.it\/newsite\/wp-json\/wp\/v2\/tags?post=6074"}],"curies":[{"name":"wp","href":"https:\/\/api.w.org\/{rel}","templated":true}]}}